{"id":41413,"date":"2026-04-27T03:25:02","date_gmt":"2026-04-27T06:25:02","guid":{"rendered":"https:\/\/ecosdelsur.com\/?p=41413"},"modified":"2026-04-27T03:25:02","modified_gmt":"2026-04-27T06:25:02","slug":"santa-cruz-celebro-el-cine-regional-en-la-cuarta-jornada-de-la-feria-internacional-del-libro-de-buenos-aires","status":"publish","type":"post","link":"https:\/\/ecosdelsur.com\/?p=41413","title":{"rendered":"Santa Cruz celebr\u00f3 el cine regional en la cuarta jornada de la Feria Internacional del Libro de Buenos Aires"},"content":{"rendered":"<div class=\"itemToolbar2\">\n<p><span style=\"color: #ff0000;\">\u00a0<span class=\"itemDateCreated\">Domingo, 26 Abril 2026 &#8211; <\/span><\/span>La delegaci\u00f3n de Santa Cruz, coordinada por la Secretar\u00eda de Estado de Cultura junto a Casa de Santa Cruz, present\u00f3 ayer en el Stand del Ente Cultural Patagonia el libro Lo que dice el viento. Miradas sobre el cine regional y santacruce\u00f1o. <img decoding=\"async\" class=\"alignnone size-full wp-image-41417 lazyload\" data-src=\"https:\/\/ecosdelsur.com\/wp-content\/uploads\/2026\/04\/A7I9145.jpg\" alt=\"\" width=\"1024\" height=\"734\" data-srcset=\"https:\/\/ecosdelsur.com\/wp-content\/uploads\/2026\/04\/A7I9145.jpg 1024w, https:\/\/ecosdelsur.com\/wp-content\/uploads\/2026\/04\/A7I9145-300x215.jpg 300w, https:\/\/ecosdelsur.com\/wp-content\/uploads\/2026\/04\/A7I9145-768x551.jpg 768w\" data-sizes=\"(max-width: 1024px) 100vw, 1024px\" src=\"data:image\/svg+xml;base64,PHN2ZyB3aWR0aD0iMSIgaGVpZ2h0PSIxIiB4bWxucz0iaHR0cDovL3d3dy53My5vcmcvMjAwMC9zdmciPjwvc3ZnPg==\" style=\"--smush-placeholder-width: 1024px; --smush-placeholder-aspect-ratio: 1024\/734;\" \/>La obra re\u00fane cr\u00f3nicas, entrevistas y an\u00e1lisis de producciones audiovisuales de la provincia, convirti\u00e9ndose en un aporte pionero que busca reivindicar el cine regional argentino.<img decoding=\"async\" class=\"alignnone size-full wp-image-41415 lazyload\" data-src=\"https:\/\/ecosdelsur.com\/wp-content\/uploads\/2026\/04\/A7I9115.jpg\" alt=\"\" width=\"1024\" height=\"685\" data-srcset=\"https:\/\/ecosdelsur.com\/wp-content\/uploads\/2026\/04\/A7I9115.jpg 1024w, https:\/\/ecosdelsur.com\/wp-content\/uploads\/2026\/04\/A7I9115-300x201.jpg 300w, https:\/\/ecosdelsur.com\/wp-content\/uploads\/2026\/04\/A7I9115-768x514.jpg 768w\" data-sizes=\"(max-width: 1024px) 100vw, 1024px\" src=\"data:image\/svg+xml;base64,PHN2ZyB3aWR0aD0iMSIgaGVpZ2h0PSIxIiB4bWxucz0iaHR0cDovL3d3dy53My5vcmcvMjAwMC9zdmciPjwvc3ZnPg==\" style=\"--smush-placeholder-width: 1024px; --smush-placeholder-aspect-ratio: 1024\/685;\" \/><\/p>\n<\/div>\n<div class=\"itemFullText\">\n<p>El libro fue escrito por\u00a0<strong>Marta Bianchi, Mar\u00eda Ang\u00e9lica Castro, Ana Sol Molfese, Mariana Paredes, Ana Serrano, Mariano Stoichevich y Marcos Tabarrozzi<\/strong>, integrantes del Instituto de Cultura, Identidad y Comunicaci\u00f3n de la Escuela de Comunicaci\u00f3n de la UNPA UACO.\u00a0<strong>Su trabajo sistematiz\u00f3 por primera vez la producci\u00f3n audiovisual santacruce\u00f1a, mostrando los esfuerzos de pioneros y pioneras, sus logros y la valent\u00eda de un cine que se construy\u00f3 con recursos m\u00ednimos pero con una fuerte apuesta por narrar desde la regi\u00f3n<\/strong>.<img decoding=\"async\" class=\"alignnone size-full wp-image-41416 lazyload\" data-src=\"https:\/\/ecosdelsur.com\/wp-content\/uploads\/2026\/04\/A7I9141.jpg\" alt=\"\" width=\"1024\" height=\"632\" data-srcset=\"https:\/\/ecosdelsur.com\/wp-content\/uploads\/2026\/04\/A7I9141.jpg 1024w, https:\/\/ecosdelsur.com\/wp-content\/uploads\/2026\/04\/A7I9141-300x185.jpg 300w, https:\/\/ecosdelsur.com\/wp-content\/uploads\/2026\/04\/A7I9141-768x474.jpg 768w\" data-sizes=\"(max-width: 1024px) 100vw, 1024px\" src=\"data:image\/svg+xml;base64,PHN2ZyB3aWR0aD0iMSIgaGVpZ2h0PSIxIiB4bWxucz0iaHR0cDovL3d3dy53My5vcmcvMjAwMC9zdmciPjwvc3ZnPg==\" style=\"--smush-placeholder-width: 1024px; --smush-placeholder-aspect-ratio: 1024\/632;\" \/><\/p>\n<p><strong>Una publicaci\u00f3n con car\u00e1cter hist\u00f3rico<\/strong><\/p>\n<p>Durante la presentaci\u00f3n, Marcos Tabarrozzi, autor del pr\u00f3logo, expres\u00f3: \u201cPara m\u00ed fue una emoci\u00f3n enorme, aunque no estuve dentro del equipo que hizo todo el seguimiento desde el inicio de la investigaci\u00f3n. Me sum\u00e9 como colaborador a uno de los cap\u00edtulos, pero creo que adem\u00e1s de ser un logro del equipo, es un logro de la Universidad Nacional y de la carrera, que viene haciendo siempre un esfuerzo por visibilizar lo que ocurre en Caleta para que los estudiantes tengan su propia identidad desde lo audiovisual.\u00a0<strong>Ver lo que trabajaron durante tanto tiempo ahora expuesto y concreto en papel fue s\u00faper emocionante<\/strong>\u201d.<\/p>\n<p>Mar\u00eda Ang\u00e9lica Castro destac\u00f3 el valor de preservar la memoria audiovisual de la provincia:\u00a0<strong>\u201cUno de los logros m\u00e1s importantes fue poner a disposici\u00f3n de la comunidad esta documentaci\u00f3n.<\/strong>\u00a0El libro es una recopilaci\u00f3n de relatos, datos e informaci\u00f3n sobre nuestro cine santacruce\u00f1o, sobre lo que producimos en la provincia y c\u00f3mo eso se gest\u00f3. Si no son rescatados en un libro, esa memoria se va con las personas que la recuerdan. Creo que eso es muy valioso para nuestra poblaci\u00f3n y para nuestra identidad santacruce\u00f1a\u201d.<\/p>\n<p>Los\u00a0<strong>investigadores remarcaron el car\u00e1cter hist\u00f3rico de la publicaci\u00f3n y su presencia en la feria<\/strong>. \u201c<strong>Empez\u00f3 siendo un libro porque era un proyecto de investigaci\u00f3n<\/strong>, pero es la primera cr\u00f3nica del cine de Santa Cruz con un posicionamiento desde los cines provinciales, desde la idea del patrimonio provincial que reci\u00e9n est\u00e1 apareciendo ahora. Ten\u00eda que ser el libro, ya vendr\u00e1 el documental\u201d, explicaron. Sobre la importancia de estar en la Feria Internacional del Libro, se\u00f1alaron: \u201cQue est\u00e9 ac\u00e1, en el centro de la mirada con respecto a lo que tiene que ver con los libros, es fundamental, es un golazo impresionante.\u00a0<strong>Es una apuesta importante de la provincia visibilizar la identidad santacruce\u00f1a y el cine regional,<\/strong>\u00a0y abrir las puertas hacia otros horizontes, hacia otros pa\u00edses y provincias\u201d.<\/p>\n<p>Con esta presentaci\u00f3n, Santa Cruz reafirm\u00f3 en la Feria Internacional del Libro de Buenos Aires 2026 su compromiso con la cultura, la investigaci\u00f3n y la identidad audiovisual patag\u00f3nica.<\/p>\n<p>La agenda continuar\u00e1 ma\u00f1ana con nuevas actividades, que pueden consultarse en\u00a0<strong><a href=\"http:\/\/conexioncultura.santacruz.gob.ar\/\">conexioncultura.santacruz.gob.ar<\/a><\/strong>.<\/p>\n<p>&nbsp;<\/p>\n<\/div>\n","protected":false},"excerpt":{"rendered":"<p>\u00a0Domingo, 26 Abril 2026 &#8211; La delegaci\u00f3n de Santa Cruz, coordinada por la Secretar\u00eda de Estado de Cultura junto a<\/p>\n","protected":false},"author":8,"featured_media":41414,"comment_status":"open","ping_status":"closed","sticky":false,"template":"","format":"standard","meta":{"footnotes":""},"categories":[88],"tags":[],"class_list":["post-41413","post","type-post","status-publish","format-standard","has-post-thumbnail","hentry","category-cultura"],"_links":{"self":[{"href":"https:\/\/ecosdelsur.com\/index.php?rest_route=\/wp\/v2\/posts\/41413","targetHints":{"allow":["GET"]}}],"collection":[{"href":"https:\/\/ecosdelsur.com\/index.php?rest_route=\/wp\/v2\/posts"}],"about":[{"href":"https:\/\/ecosdelsur.com\/index.php?rest_route=\/wp\/v2\/types\/post"}],"author":[{"embeddable":true,"href":"https:\/\/ecosdelsur.com\/index.php?rest_route=\/wp\/v2\/users\/8"}],"replies":[{"embeddable":true,"href":"https:\/\/ecosdelsur.com\/index.php?rest_route=%2Fwp%2Fv2%2Fcomments&post=41413"}],"version-history":[{"count":1,"href":"https:\/\/ecosdelsur.com\/index.php?rest_route=\/wp\/v2\/posts\/41413\/revisions"}],"predecessor-version":[{"id":41418,"href":"https:\/\/ecosdelsur.com\/index.php?rest_route=\/wp\/v2\/posts\/41413\/revisions\/41418"}],"wp:featuredmedia":[{"embeddable":true,"href":"https:\/\/ecosdelsur.com\/index.php?rest_route=\/wp\/v2\/media\/41414"}],"wp:attachment":[{"href":"https:\/\/ecosdelsur.com\/index.php?rest_route=%2Fwp%2Fv2%2Fmedia&parent=41413"}],"wp:term":[{"taxonomy":"category","embeddable":true,"href":"https:\/\/ecosdelsur.com\/index.php?rest_route=%2Fwp%2Fv2%2Fcategories&post=41413"},{"taxonomy":"post_tag","embeddable":true,"href":"https:\/\/ecosdelsur.com\/index.php?rest_route=%2Fwp%2Fv2%2Ftags&post=41413"}],"curies":[{"name":"wp","href":"https:\/\/api.w.org\/{rel}","templated":true}]}}