{"id":41409,"date":"2026-04-26T22:16:11","date_gmt":"2026-04-27T01:16:11","guid":{"rendered":"https:\/\/ecosdelsur.com\/?p=41409"},"modified":"2026-04-26T22:16:27","modified_gmt":"2026-04-27T01:16:27","slug":"el-gobierno-de-santa-cruz-fortalece-la-seguridad-en-todas-las-escuelas-de-la-provincia","status":"publish","type":"post","link":"https:\/\/ecosdelsur.com\/?p=41409","title":{"rendered":"El Gobierno de Santa Cruz fortalece la seguridad en todas las escuelas de la provincia"},"content":{"rendered":"<div class=\"itemToolbar2\">\n<p><span class=\"itemDateCreated\" style=\"color: #ff0000;\">Domingo, 26 Abril 2026 &#8211; <\/span>El Consejo Provincial de Educaci\u00f3n y el Ministerio de Seguridad, impulsan un plan de acciones estrat\u00e9gicas vinculadas a garantizar la seguridad y la protecci\u00f3n integral en los edificios escolares de toda la provincia.<img decoding=\"async\" class=\"alignnone size-full wp-image-41411 lazyload\" data-src=\"https:\/\/ecosdelsur.com\/wp-content\/uploads\/2026\/04\/WhatsApp_Image_2026-04-26_at_13.27.18_1.jpeg\" alt=\"\" width=\"1024\" height=\"646\" data-srcset=\"https:\/\/ecosdelsur.com\/wp-content\/uploads\/2026\/04\/WhatsApp_Image_2026-04-26_at_13.27.18_1.jpeg 1024w, https:\/\/ecosdelsur.com\/wp-content\/uploads\/2026\/04\/WhatsApp_Image_2026-04-26_at_13.27.18_1-300x189.jpeg 300w, https:\/\/ecosdelsur.com\/wp-content\/uploads\/2026\/04\/WhatsApp_Image_2026-04-26_at_13.27.18_1-768x485.jpeg 768w\" data-sizes=\"(max-width: 1024px) 100vw, 1024px\" src=\"data:image\/svg+xml;base64,PHN2ZyB3aWR0aD0iMSIgaGVpZ2h0PSIxIiB4bWxucz0iaHR0cDovL3d3dy53My5vcmcvMjAwMC9zdmciPjwvc3ZnPg==\" style=\"--smush-placeholder-width: 1024px; --smush-placeholder-aspect-ratio: 1024\/646;\" \/><\/p>\n<\/div>\n<div class=\"itemFullText\">\n<p>Como parte de este plan de gesti\u00f3n, que prioriza entornos de aprendizaje seguros y preparados ante cualquier contingencia,\u00a0<strong>se impulsan instancias de coordinaci\u00f3n interinstitucional<\/strong>\u00a0para estandarizar los procesos de prevenci\u00f3n y respuesta en cada establecimiento educativo.<\/p>\n<p><strong>Articulaci\u00f3n institucional<\/strong><\/p>\n<p>En ese marco, se llev\u00f3 adelante una mesa de trabajo encabezada por la directora regional de Educaci\u00f3n Zona Norte,\u00a0<strong>\u00a0Magdalena Paredes<\/strong>, junto al subcomisario de Bomberos\u00a0<strong>Alejandro Luna<\/strong>, de la Divisi\u00f3n 5ta.<\/p>\n<p>El encuentro, que cont\u00f3 adem\u00e1s con la participaci\u00f3n de la coordinadora Pedag\u00f3gica Regional,\u00a0<strong>\u00a0Mariela Pescara<\/strong>, tuvo\u00a0<strong>como objetivo principal abordar de manera conjunta la problem\u00e1tica de las amenazas de bomba, fortaleciendo la articulaci\u00f3n y los protocolos de actuaci\u00f3n ante estas situaciones de emergencia.<\/strong><\/p>\n<p>Durante la reuni\u00f3n, se profundiz\u00f3 en la consolidaci\u00f3n de un esquema de\u00a0<strong>articulaci\u00f3n institucional<\/strong>\u00a0que permita una comunicaci\u00f3n directa y sin fisuras entre los directivos de los establecimientos y las fuerzas de seguridad. &#8220;La eficacia de los operativos depende de la coordinaci\u00f3n previa, estableciendo canales de enlace que agilicen la intervenci\u00f3n del Cuerpo de Bomberos ante cualquier alerta, garantizando siempre la integridad de toda la comunidad educativa&#8221;, explicaron.<\/p>\n<p><strong>Plan Integral de Capacitaci\u00f3n y Prevenci\u00f3n<\/strong><\/p>\n<p>Asimismo, se hizo especial hincapi\u00e9 en la implementaci\u00f3n de un\u00a0<strong>Plan Integral de Capacitaci\u00f3n y Prevenci\u00f3n<\/strong>\u00a0destinado a los equipos de conducci\u00f3n.\u00a0<strong>Esta estrategia no solo contempla el conocimiento t\u00e9cnico de los protocolos de evacuaci\u00f3n, sino que busca dotar a las instituciones de herramientas para gestionar la contingencia con serenidad.<\/strong><\/p>\n<p>A modo de s\u00edntesis, Paredes hizo hincapi\u00e9 en la importancia de asegurar que se apliquen respuestas estandarizadas que minimicen el riesgo f\u00edsico y resguarden el bienestar emocional de los alumnos, reafirmando la presencia de un Estado que articula con todas sus instituciones para cuidar a nuestros estudiantes.<\/p>\n<p>&nbsp;<\/p>\n<\/div>\n","protected":false},"excerpt":{"rendered":"<p>Domingo, 26 Abril 2026 &#8211; El Consejo Provincial de Educaci\u00f3n y el Ministerio de Seguridad, impulsan un plan de acciones<\/p>\n","protected":false},"author":8,"featured_media":41410,"comment_status":"open","ping_status":"closed","sticky":false,"template":"","format":"standard","meta":{"footnotes":""},"categories":[90],"tags":[],"class_list":["post-41409","post","type-post","status-publish","format-standard","has-post-thumbnail","hentry","category-educacion-2"],"_links":{"self":[{"href":"https:\/\/ecosdelsur.com\/index.php?rest_route=\/wp\/v2\/posts\/41409","targetHints":{"allow":["GET"]}}],"collection":[{"href":"https:\/\/ecosdelsur.com\/index.php?rest_route=\/wp\/v2\/posts"}],"about":[{"href":"https:\/\/ecosdelsur.com\/index.php?rest_route=\/wp\/v2\/types\/post"}],"author":[{"embeddable":true,"href":"https:\/\/ecosdelsur.com\/index.php?rest_route=\/wp\/v2\/users\/8"}],"replies":[{"embeddable":true,"href":"https:\/\/ecosdelsur.com\/index.php?rest_route=%2Fwp%2Fv2%2Fcomments&post=41409"}],"version-history":[{"count":1,"href":"https:\/\/ecosdelsur.com\/index.php?rest_route=\/wp\/v2\/posts\/41409\/revisions"}],"predecessor-version":[{"id":41412,"href":"https:\/\/ecosdelsur.com\/index.php?rest_route=\/wp\/v2\/posts\/41409\/revisions\/41412"}],"wp:featuredmedia":[{"embeddable":true,"href":"https:\/\/ecosdelsur.com\/index.php?rest_route=\/wp\/v2\/media\/41410"}],"wp:attachment":[{"href":"https:\/\/ecosdelsur.com\/index.php?rest_route=%2Fwp%2Fv2%2Fmedia&parent=41409"}],"wp:term":[{"taxonomy":"category","embeddable":true,"href":"https:\/\/ecosdelsur.com\/index.php?rest_route=%2Fwp%2Fv2%2Fcategories&post=41409"},{"taxonomy":"post_tag","embeddable":true,"href":"https:\/\/ecosdelsur.com\/index.php?rest_route=%2Fwp%2Fv2%2Ftags&post=41409"}],"curies":[{"name":"wp","href":"https:\/\/api.w.org\/{rel}","templated":true}]}}