{"id":41405,"date":"2026-04-26T21:54:55","date_gmt":"2026-04-27T00:54:55","guid":{"rendered":"https:\/\/ecosdelsur.com\/?p=41405"},"modified":"2026-04-26T21:55:49","modified_gmt":"2026-04-27T00:55:49","slug":"profesores-y-bailarines-participaron-de-un-espacio-de-aprendizaje","status":"publish","type":"post","link":"https:\/\/ecosdelsur.com\/?p=41405","title":{"rendered":"Profesores y bailarines participaron de un espacio de aprendizaje"},"content":{"rendered":"<header class=\"entry-header\"><span style=\"color: #ff0000; font-size: 16px;\">26 de abril de 2026 &#8211; <\/span>Con el objetivo de continuar fortaleciendo la formaci\u00f3n art\u00edstica, la Municipalidad de Caleta Olivia, a trav\u00e9s de la Escuela Municipal de Danzas Nativas, dependiente de la Secretar\u00eda de Cultura, Deportes y Juventud, concret\u00f3 el seminario \u201cDanzas de Tierra Colorada. Bailes Populares de la Provincia de Misiones\u201d.<\/header>\n<div class=\"entry-content si-entry\">\n<figure class=\"wp-block-image size-large\"><img decoding=\"async\" class=\"wp-image-18399 lazyload\" data-src=\"https:\/\/caletaolivia.gov.ar\/wp-content\/uploads\/2026\/04\/IMG-20260426-WA0028-1024x576.jpg\" data-sizes=\"(max-width: 1024px) 100vw, 1024px\" data-srcset=\"https:\/\/caletaolivia.gov.ar\/wp-content\/uploads\/2026\/04\/IMG-20260426-WA0028-1024x576.jpg 1024w, https:\/\/caletaolivia.gov.ar\/wp-content\/uploads\/2026\/04\/IMG-20260426-WA0028-300x169.jpg 300w, https:\/\/caletaolivia.gov.ar\/wp-content\/uploads\/2026\/04\/IMG-20260426-WA0028-768x432.jpg 768w, https:\/\/caletaolivia.gov.ar\/wp-content\/uploads\/2026\/04\/IMG-20260426-WA0028.jpg 1280w\" alt=\"\" width=\"1024\" height=\"576\" src=\"data:image\/svg+xml;base64,PHN2ZyB3aWR0aD0iMSIgaGVpZ2h0PSIxIiB4bWxucz0iaHR0cDovL3d3dy53My5vcmcvMjAwMC9zdmciPjwvc3ZnPg==\" style=\"--smush-placeholder-width: 1024px; --smush-placeholder-aspect-ratio: 1024\/576;\" \/><\/figure>\n<p>La actividad tuvo lugar este domingo 26 de abril en el Centro Municipal de Educaci\u00f3n por el Arte (CeMEPA), a cargo de la profesora Esther Mendoza en el marco de la propuesta \u201cTraves\u00eda Federal 2026, Tramo Patag\u00f3nico\u201d, que busca difundir y promover las expresiones folkl\u00f3ricas en distintas regiones del pa\u00eds. Al respecto, el profesor Javier Garc\u00eda, Jefe de Departamento de la Escuela de Danzas Nativas, destac\u00f3 esta instancia de capacitaci\u00f3n impulsada junto a la profesora Mendoza, oriunda de la provincia de Misiones, quien se encuentra realizando una gira federal que arranc\u00f3 en Ushuaia.<\/p>\n<p>\u201cNos ha contactado para poder pasar por nuestra ciudad y dejar un poco de lo que tiene que ver con estas danzas de la tierra colorada, danzas folkl\u00f3ricas que son difundidas como el chotis, la polquita rural, estamos contentos de haber podido coordinar el seminario\u201d, expres\u00f3. Asimismo, valor\u00f3 que la ciudad reciba este tipo de propuestas formativas al se\u00f1alar que, \u201ces importante tener el espacio gracias a nuestra instituci\u00f3n, a la Municipalidad y a la gente de Cultura que hemos llevado esta propuesta y lo ha tomado muy en cuenta para que hoy est\u00e9n los chicos y los grandes viendo esta danza caracter\u00edstica\u201d.<\/p>\n<figure class=\"wp-block-image size-large\"><img decoding=\"async\" class=\"wp-image-18402 lazyload\" data-src=\"https:\/\/caletaolivia.gov.ar\/wp-content\/uploads\/2026\/04\/1001674210-1024x576.jpg\" data-sizes=\"(max-width: 1024px) 100vw, 1024px\" data-srcset=\"https:\/\/caletaolivia.gov.ar\/wp-content\/uploads\/2026\/04\/1001674210-1024x576.jpg 1024w, https:\/\/caletaolivia.gov.ar\/wp-content\/uploads\/2026\/04\/1001674210-300x169.jpg 300w, https:\/\/caletaolivia.gov.ar\/wp-content\/uploads\/2026\/04\/1001674210-768x432.jpg 768w, https:\/\/caletaolivia.gov.ar\/wp-content\/uploads\/2026\/04\/1001674210.jpg 1280w\" alt=\"\" width=\"1024\" height=\"576\" src=\"data:image\/svg+xml;base64,PHN2ZyB3aWR0aD0iMSIgaGVpZ2h0PSIxIiB4bWxucz0iaHR0cDovL3d3dy53My5vcmcvMjAwMC9zdmciPjwvc3ZnPg==\" style=\"--smush-placeholder-width: 1024px; --smush-placeholder-aspect-ratio: 1024\/576;\" \/><\/figure>\n<p>La capacitaci\u00f3n se desarroll\u00f3 bajo una modalidad te\u00f3rica y pr\u00e1ctica. En una primera instancia, se abordaron contenidos vinculados a la historia y el contexto social de Misiones y la tierra colorada, para luego avanzar en la parte pr\u00e1ctica, orientada al aprendizaje de los pasos caracter\u00edsticos de estas danzas tradicionales.<\/p>\n<\/div>\n","protected":false},"excerpt":{"rendered":"<p>26 de abril de 2026 &#8211; Con el objetivo de continuar fortaleciendo la formaci\u00f3n art\u00edstica, la Municipalidad de Caleta Olivia,<\/p>\n","protected":false},"author":8,"featured_media":41406,"comment_status":"open","ping_status":"closed","sticky":false,"template":"","format":"standard","meta":{"footnotes":""},"categories":[88],"tags":[],"class_list":["post-41405","post","type-post","status-publish","format-standard","has-post-thumbnail","hentry","category-cultura"],"_links":{"self":[{"href":"https:\/\/ecosdelsur.com\/index.php?rest_route=\/wp\/v2\/posts\/41405","targetHints":{"allow":["GET"]}}],"collection":[{"href":"https:\/\/ecosdelsur.com\/index.php?rest_route=\/wp\/v2\/posts"}],"about":[{"href":"https:\/\/ecosdelsur.com\/index.php?rest_route=\/wp\/v2\/types\/post"}],"author":[{"embeddable":true,"href":"https:\/\/ecosdelsur.com\/index.php?rest_route=\/wp\/v2\/users\/8"}],"replies":[{"embeddable":true,"href":"https:\/\/ecosdelsur.com\/index.php?rest_route=%2Fwp%2Fv2%2Fcomments&post=41405"}],"version-history":[{"count":1,"href":"https:\/\/ecosdelsur.com\/index.php?rest_route=\/wp\/v2\/posts\/41405\/revisions"}],"predecessor-version":[{"id":41407,"href":"https:\/\/ecosdelsur.com\/index.php?rest_route=\/wp\/v2\/posts\/41405\/revisions\/41407"}],"wp:featuredmedia":[{"embeddable":true,"href":"https:\/\/ecosdelsur.com\/index.php?rest_route=\/wp\/v2\/media\/41406"}],"wp:attachment":[{"href":"https:\/\/ecosdelsur.com\/index.php?rest_route=%2Fwp%2Fv2%2Fmedia&parent=41405"}],"wp:term":[{"taxonomy":"category","embeddable":true,"href":"https:\/\/ecosdelsur.com\/index.php?rest_route=%2Fwp%2Fv2%2Fcategories&post=41405"},{"taxonomy":"post_tag","embeddable":true,"href":"https:\/\/ecosdelsur.com\/index.php?rest_route=%2Fwp%2Fv2%2Ftags&post=41405"}],"curies":[{"name":"wp","href":"https:\/\/api.w.org\/{rel}","templated":true}]}}