{"id":41399,"date":"2026-04-25T16:33:43","date_gmt":"2026-04-25T19:33:43","guid":{"rendered":"https:\/\/ecosdelsur.com\/?p=41399"},"modified":"2026-04-25T16:33:43","modified_gmt":"2026-04-25T19:33:43","slug":"fuerte-reclamo-por-la-contaminacion-y-el-deterioro-urbano-en-caleta-olivia-no-merecemos-vivir-asi","status":"publish","type":"post","link":"https:\/\/ecosdelsur.com\/?p=41399","title":{"rendered":"Fuerte reclamo por la contaminaci\u00f3n y el deterioro urbano en Caleta Olivia: \u201cNo merecemos vivir as\u00ed\u201d"},"content":{"rendered":"<p>Vecinos y organizaciones advierten sobre la falta de iluminaci\u00f3n, desbordes cloacales y abandono en distintos sectores de la ciudad. Desde la protectora Patitas de Vidda aseguran que no hay di\u00e1logo con el Municipio.<\/p>\n<p>En medio de un creciente malestar social, vecinos de Caleta Olivia volvieron a poner en agenda la problem\u00e1tica ambiental y el deterioro de los servicios b\u00e1sicos en la ciudad. La referente de la protectora Patitas de Vidda, Mar\u00eda In\u00e9s Mayorga, expres\u00f3 una fuerte preocupaci\u00f3n por la situaci\u00f3n actual, se\u00f1alando que \u201cno hay calidad de vida\u201d y reclamando respuestas urgentes por parte de las autoridades.<\/p>\n<p>El planteo surge tras la difusi\u00f3n de un flyer en redes sociales donde se denuncian m\u00faltiples problem\u00e1ticas, entre ellas la falta de iluminaci\u00f3n, la contaminaci\u00f3n urbana y el abandono de espacios p\u00fablicos.<\/p>\n<p>Oscuridad, inseguridad y espacios p\u00fablicos deteriorados<\/p>\n<p>Uno de los principales reclamos tiene que ver con el estado del alumbrado p\u00fablico. Seg\u00fan Mayorga, gran parte de la ciudad se encuentra a oscuras, lo que genera preocupaci\u00f3n en vecinos que deben transitar durante la noche.<\/p>\n<p>\u201cLa costanera es una boca de lobo. A las ocho y media ya no se ve nada, es peligroso para cualquiera, sobre todo para personas mayores o quienes salen a hacer actividad f\u00edsica\u201d, advirti\u00f3.<\/p>\n<p>La problem\u00e1tica no se limita a la zona costera, sino que tambi\u00e9n afecta sectores c\u00e9ntricos y \u00e1reas cercanas a instituciones educativas, donde estudiantes y docentes deben movilizarse en condiciones precarias de visibilidad.<\/p>\n<p>Contaminaci\u00f3n y desbordes cloacales<\/p>\n<p>Otro de los puntos cr\u00edticos se\u00f1alados es la contaminaci\u00f3n ambiental, particularmente por desbordes cloacales en distintos puntos de la ciudad.<\/p>\n<p>\u201cQuer\u00e9s ir a la costanera a disfrutar del mar y te encontr\u00e1s con l\u00edquidos cloacales cayendo al lado. Es un olor insoportable. No podemos naturalizar esto\u201d, expres\u00f3 la referente.<\/p>\n<p>Estas situaciones, seg\u00fan remarcan, impactan directamente en la salud p\u00fablica y en la calidad de vida de los vecinos.<\/p>\n<p>Falta de respuestas y sin di\u00e1logo con el Municipio<\/p>\n<p>Desde la organizaci\u00f3n tambi\u00e9n cuestionaron la falta de articulaci\u00f3n con el Estado municipal. Mayorga asegur\u00f3 que, pese a los 14 a\u00f1os de trabajo de la protectora, actualmente no existe di\u00e1logo con el \u00e1rea de Medio Ambiente.<\/p>\n<p>\u201cNosotros venimos trabajando hace a\u00f1os, pero no hay acompa\u00f1amiento. No hay comunicaci\u00f3n y cuando planteamos problemas, se enojan. As\u00ed es muy dif\u00edcil construir soluciones\u201d, sostuvo.<\/p>\n<p>Adem\u00e1s, denunci\u00f3 la ausencia de pol\u00edticas sostenidas para abordar la problem\u00e1tica de animales sueltos en la v\u00eda p\u00fablica, lo que tambi\u00e9n representa un riesgo para los vecinos.<\/p>\n<p>Un reclamo que crece en la comunidad<\/p>\n<p>Las cr\u00edticas se suman a un contexto m\u00e1s amplio de malestar social vinculado a deficiencias en servicios esenciales como el agua, el saneamiento y el mantenimiento urbano.<\/p>\n<p>\u201cSomos pocos habitantes, deber\u00edamos vivir mucho mejor. No estamos pidiendo nada extraordinario, solo lo b\u00e1sico: luz, calles en condiciones y un ambiente sano\u201d, concluy\u00f3 Mayorga.<\/p>\n","protected":false},"excerpt":{"rendered":"<p>Vecinos y organizaciones advierten sobre la falta de iluminaci\u00f3n, desbordes cloacales y abandono en distintos sectores de la ciudad. Desde<\/p>\n","protected":false},"author":8,"featured_media":41400,"comment_status":"open","ping_status":"closed","sticky":false,"template":"","format":"standard","meta":{"footnotes":""},"categories":[33],"tags":[60,1582,249,1300],"class_list":["post-41399","post","type-post","status-publish","format-standard","has-post-thumbnail","hentry","category-politica","tag-caleta-olivia","tag-maria-ines-mayorga","tag-medio-ambiente","tag-patitas-de-vidda"],"_links":{"self":[{"href":"https:\/\/ecosdelsur.com\/index.php?rest_route=\/wp\/v2\/posts\/41399","targetHints":{"allow":["GET"]}}],"collection":[{"href":"https:\/\/ecosdelsur.com\/index.php?rest_route=\/wp\/v2\/posts"}],"about":[{"href":"https:\/\/ecosdelsur.com\/index.php?rest_route=\/wp\/v2\/types\/post"}],"author":[{"embeddable":true,"href":"https:\/\/ecosdelsur.com\/index.php?rest_route=\/wp\/v2\/users\/8"}],"replies":[{"embeddable":true,"href":"https:\/\/ecosdelsur.com\/index.php?rest_route=%2Fwp%2Fv2%2Fcomments&post=41399"}],"version-history":[{"count":1,"href":"https:\/\/ecosdelsur.com\/index.php?rest_route=\/wp\/v2\/posts\/41399\/revisions"}],"predecessor-version":[{"id":41401,"href":"https:\/\/ecosdelsur.com\/index.php?rest_route=\/wp\/v2\/posts\/41399\/revisions\/41401"}],"wp:featuredmedia":[{"embeddable":true,"href":"https:\/\/ecosdelsur.com\/index.php?rest_route=\/wp\/v2\/media\/41400"}],"wp:attachment":[{"href":"https:\/\/ecosdelsur.com\/index.php?rest_route=%2Fwp%2Fv2%2Fmedia&parent=41399"}],"wp:term":[{"taxonomy":"category","embeddable":true,"href":"https:\/\/ecosdelsur.com\/index.php?rest_route=%2Fwp%2Fv2%2Fcategories&post=41399"},{"taxonomy":"post_tag","embeddable":true,"href":"https:\/\/ecosdelsur.com\/index.php?rest_route=%2Fwp%2Fv2%2Ftags&post=41399"}],"curies":[{"name":"wp","href":"https:\/\/api.w.org\/{rel}","templated":true}]}}