{"id":41396,"date":"2026-04-25T16:22:18","date_gmt":"2026-04-25T19:22:18","guid":{"rendered":"https:\/\/ecosdelsur.com\/?p=41396"},"modified":"2026-04-25T16:22:18","modified_gmt":"2026-04-25T19:22:18","slug":"figueroa-alerto-sobre-una-tormenta-perfecta-en-santa-cruz-y-cuestiono-la-politica-petrolera","status":"publish","type":"post","link":"https:\/\/ecosdelsur.com\/?p=41396","title":{"rendered":"Figueroa alert\u00f3 sobre una \u201ctormenta perfecta\u201d en Santa Cruz y cuestion\u00f3 la pol\u00edtica petrolera"},"content":{"rendered":"<p>El dirigente analiz\u00f3 la crisis en la zona norte, critic\u00f3 la falta de inversi\u00f3n en la cuenca y apunt\u00f3 contra el Gobierno provincial por su estrategia econ\u00f3mica y pol\u00edtica.<\/p>\n<p>En un an\u00e1lisis cr\u00edtico sobre la situaci\u00f3n econ\u00f3mica y pol\u00edtica de Santa Cruz, el dirigente Amadeo Figueroa advirti\u00f3 sobre un escenario complejo al que defini\u00f3 como una \u201ctormenta perfecta\u201d, marcada por la crisis nacional y las particularidades que atraviesa la regi\u00f3n norte de la provincia.<\/p>\n<p>Durante una entrevista en La Data en Ecos Noticias (FM Ecos del Sur), Figueroa sostuvo que la situaci\u00f3n social y econ\u00f3mica \u201ces muy mala\u201d a nivel pa\u00eds, pero remarc\u00f3 que en Santa Cruz el panorama es a\u00fan m\u00e1s grave, especialmente en localidades vinculadas a la actividad hidrocarbur\u00edfera como Las Heras, Pico Truncado y Caleta Olivia.<\/p>\n<p>\u201cEl que anda en la calle se da cuenta que hay una situaci\u00f3n l\u00edmite. Lo que pas\u00f3 con la actividad petrolera fue un desastre y arrastr\u00f3 a otros sectores como el comercio y el inmobiliario\u201d, afirm\u00f3.<\/p>\n<p>En ese sentido, cuestion\u00f3 la idea de que la crisis de la cuenca petrolera sea irreversible. Seg\u00fan explic\u00f3, especialistas del sector le indicaron que la recuperaci\u00f3n es posible, aunque depende de decisiones pol\u00edticas y de la llegada de inversiones de gran escala. \u201cNo es cierto que no se pueda recuperar. Se necesitan inversores del tama\u00f1o de YPF, reglas claras y una conducci\u00f3n que entienda la dimensi\u00f3n del problema\u201d, plante\u00f3.<\/p>\n<p>Figueroa tambi\u00e9n critic\u00f3 la estrategia del gobierno provincial encabezado por Claudio Vidal, al considerar que no logr\u00f3 atraer capitales internacionales ni desarrollar un plan acorde a la magnitud de la industria. \u201cSe quedaron jugando un campeonato de barrio cuando esto es una competencia mundial\u201d, expres\u00f3.<\/p>\n<p>Adem\u00e1s, se\u00f1al\u00f3 que la provincia no supo aprovechar el contexto internacional favorable para el desarrollo energ\u00e9tico. \u201cHoy el mundo demanda petr\u00f3leo. Hay pa\u00edses como Jap\u00f3n, China o Corea del Sur que necesitan reservas. Santa Cruz deber\u00eda estar en ese mapa\u201d, indic\u00f3.<\/p>\n<p>En el plano pol\u00edtico, el dirigente consider\u00f3 que el gobierno provincial adopt\u00f3 una postura de cercan\u00eda con la gesti\u00f3n nacional, lo que \u2014a su entender\u2014 deriv\u00f3 en costos pol\u00edticos y econ\u00f3micos. \u201cNo se plantaron frente a decisiones que perjudicaron a la provincia. Hay responsabilidades compartidas, pero tambi\u00e9n falt\u00f3 una defensa firme de los intereses locales\u201d, sostuvo.<\/p>\n<p>Por otra parte, advirti\u00f3 sobre la delicada situaci\u00f3n financiera del Estado provincial, mencionando dificultades para afrontar salarios y compromisos econ\u00f3micos. En ese marco, no descart\u00f3 que Santa Cruz avance hacia un esquema de endeudamiento similar al de otras provincias.<\/p>\n<p>Finalmente, Figueroa plante\u00f3 que la crisis actual requiere un replanteo profundo de la estrategia pol\u00edtica y econ\u00f3mica. \u201cSanta Cruz necesita salir a buscar inversiones reales y dejar de administrar la crisis. Si no, el escenario va a seguir empeorando\u201d, concluy\u00f3.<\/p>\n","protected":false},"excerpt":{"rendered":"<p>El dirigente analiz\u00f3 la crisis en la zona norte, critic\u00f3 la falta de inversi\u00f3n en la cuenca y apunt\u00f3 contra<\/p>\n","protected":false},"author":8,"featured_media":41397,"comment_status":"open","ping_status":"closed","sticky":false,"template":"","format":"standard","meta":{"footnotes":""},"categories":[33],"tags":[1313,60,1581,48],"class_list":["post-41396","post","type-post","status-publish","format-standard","has-post-thumbnail","hentry","category-politica","tag-amadeo-figueroa","tag-caleta-olivia","tag-contexto-politico","tag-santa-cruz"],"_links":{"self":[{"href":"https:\/\/ecosdelsur.com\/index.php?rest_route=\/wp\/v2\/posts\/41396","targetHints":{"allow":["GET"]}}],"collection":[{"href":"https:\/\/ecosdelsur.com\/index.php?rest_route=\/wp\/v2\/posts"}],"about":[{"href":"https:\/\/ecosdelsur.com\/index.php?rest_route=\/wp\/v2\/types\/post"}],"author":[{"embeddable":true,"href":"https:\/\/ecosdelsur.com\/index.php?rest_route=\/wp\/v2\/users\/8"}],"replies":[{"embeddable":true,"href":"https:\/\/ecosdelsur.com\/index.php?rest_route=%2Fwp%2Fv2%2Fcomments&post=41396"}],"version-history":[{"count":1,"href":"https:\/\/ecosdelsur.com\/index.php?rest_route=\/wp\/v2\/posts\/41396\/revisions"}],"predecessor-version":[{"id":41398,"href":"https:\/\/ecosdelsur.com\/index.php?rest_route=\/wp\/v2\/posts\/41396\/revisions\/41398"}],"wp:featuredmedia":[{"embeddable":true,"href":"https:\/\/ecosdelsur.com\/index.php?rest_route=\/wp\/v2\/media\/41397"}],"wp:attachment":[{"href":"https:\/\/ecosdelsur.com\/index.php?rest_route=%2Fwp%2Fv2%2Fmedia&parent=41396"}],"wp:term":[{"taxonomy":"category","embeddable":true,"href":"https:\/\/ecosdelsur.com\/index.php?rest_route=%2Fwp%2Fv2%2Fcategories&post=41396"},{"taxonomy":"post_tag","embeddable":true,"href":"https:\/\/ecosdelsur.com\/index.php?rest_route=%2Fwp%2Fv2%2Ftags&post=41396"}],"curies":[{"name":"wp","href":"https:\/\/api.w.org\/{rel}","templated":true}]}}