{"id":41393,"date":"2026-04-25T16:10:39","date_gmt":"2026-04-25T19:10:39","guid":{"rendered":"https:\/\/ecosdelsur.com\/?p=41393"},"modified":"2026-04-25T16:10:39","modified_gmt":"2026-04-25T19:10:39","slug":"el-municipio-avanza-con-beneficios-fiscales-y-analiza-cambios-en-el-gabinete","status":"publish","type":"post","link":"https:\/\/ecosdelsur.com\/?p=41393","title":{"rendered":"El Municipio avanza con beneficios fiscales y analiza cambios en el gabinete"},"content":{"rendered":"<p>El jefe de Gabinete de Caleta Olivia detall\u00f3 los decretos firmados por el intendente Pablo Carrizo, abord\u00f3 la situaci\u00f3n econ\u00f3mica local y confirm\u00f3 que se eval\u00faan reestructuraciones en el Ejecutivo.<\/p>\n<p>El jefe de Gabinete del municipio de Caleta Olivia, Mariano Mazzaglia, brind\u00f3 definiciones sobre los recientes decretos impulsados por el intendente Pablo Carrizo, que apuntan tanto al reconocimiento salarial de docentes municipales como al alivio fiscal para el sector comercial.<\/p>\n<p>En relaci\u00f3n al primero de los decretos, Mazzaglia explic\u00f3 que la medida busca reconocer la titulaci\u00f3n de docentes universitarios y terciarios que hasta el momento se ve\u00edan impedidos de percibir el adicional por doble titulaci\u00f3n. \u201cLa decisi\u00f3n del intendente fue jerarquizar a estos trabajadores, permitiendo que puedan cobrar ese reconocimiento tanto en el \u00e1mbito municipal como en otros niveles del Estado\u201d, se\u00f1al\u00f3.<\/p>\n<p>Si bien admiti\u00f3 que el impacto econ\u00f3mico puede resultar limitado frente al contexto inflacionario, subray\u00f3 el valor simb\u00f3lico de la medida. \u201cM\u00e1s all\u00e1 de lo que signifique en el bolsillo, es un reconocimiento. Sabemos que hoy cualquier ingreso termina siendo insuficiente\u201d, indic\u00f3.<\/p>\n<p>Por otra parte, el funcionario se refiri\u00f3 al segundo decreto, orientado a beneficiar a peque\u00f1os y medianos comercios mediante exenciones tributarias. Seg\u00fan detall\u00f3, la medida alcanzar\u00e1 a cerca del 90% de los comercios activos registrados en la ciudad, lo que representa aproximadamente 4.400 contribuyentes.<\/p>\n<p>\u201cEl objetivo es acompa\u00f1ar al comercio local que viene atravesando una situaci\u00f3n compleja. No es una soluci\u00f3n de fondo, pero s\u00ed una herramienta para aliviar la carga en un contexto donde el poder adquisitivo ha ca\u00eddo\u201d, explic\u00f3. Asimismo, aclar\u00f3 que la decisi\u00f3n fue analizada en t\u00e9rminos financieros y que el municipio cuenta con capacidad para absorber el impacto.<\/p>\n<p>En cuanto a la situaci\u00f3n econ\u00f3mica general, Mazzaglia reconoci\u00f3 que el municipio contin\u00faa dependiendo en gran medida de la asistencia provincial y que se trabaja en la reestructuraci\u00f3n de partidas para sostener el funcionamiento. En ese sentido, confirm\u00f3 que el intendente mantiene gestiones en R\u00edo Gallegos para afrontar compromisos como el pago de salarios y el medio aguinaldo.<\/p>\n<p>El jefe de Gabinete tambi\u00e9n destac\u00f3 la continuidad de la obra p\u00fablica, a pesar de las dificultades econ\u00f3micas, y mencion\u00f3 proyectos en ejecuci\u00f3n como el natatorio municipal, cuya finalizaci\u00f3n est\u00e1 prevista para mediados de mayo.<\/p>\n<p>En materia de seguridad, adelant\u00f3 avances en la implementaci\u00f3n de un centro de monitoreo urbano que incluir\u00e1 la instalaci\u00f3n de 240 c\u00e1maras en distintos puntos estrat\u00e9gicos de la ciudad. \u201cNo es solo para control de tr\u00e1nsito, sino tambi\u00e9n para reforzar la seguridad, que es una demanda de los vecinos\u201d, afirm\u00f3.<\/p>\n<p>Por otro lado, confirm\u00f3 que el Ejecutivo municipal eval\u00faa una reestructuraci\u00f3n del gabinete, en l\u00ednea con el objetivo de reducir cargos pol\u00edticos. \u201cYa se concret\u00f3 una reducci\u00f3n del 25% y se seguir\u00e1 avanzando. El intendente definir\u00e1 en los pr\u00f3ximos d\u00edas c\u00f3mo continuar\u00e1 el esquema de gobierno\u201d, anticip\u00f3.<\/p>\n<p>Finalmente, Mazzaglia se refiri\u00f3 a diversas problem\u00e1ticas sociales, como la situaci\u00f3n econ\u00f3mica de las familias y episodios de violencia en \u00e1mbitos educativos, y remarc\u00f3 la necesidad de un abordaje conjunto. \u201cHay responsabilidades del Estado, pero tambi\u00e9n de las instituciones y de las familias. Es un trabajo que debe ser articulado\u201d, concluy\u00f3.<\/p>\n","protected":false},"excerpt":{"rendered":"<p>El jefe de Gabinete de Caleta Olivia detall\u00f3 los decretos firmados por el intendente Pablo Carrizo, abord\u00f3 la situaci\u00f3n econ\u00f3mica<\/p>\n","protected":false},"author":8,"featured_media":41394,"comment_status":"open","ping_status":"closed","sticky":false,"template":"","format":"standard","meta":{"footnotes":""},"categories":[33],"tags":[60,1580,1122,1507],"class_list":["post-41393","post","type-post","status-publish","format-standard","has-post-thumbnail","hentry","category-politica","tag-caleta-olivia","tag-jefe-de-gabinete","tag-mariano-mazzaglia","tag-municipalidad"],"_links":{"self":[{"href":"https:\/\/ecosdelsur.com\/index.php?rest_route=\/wp\/v2\/posts\/41393","targetHints":{"allow":["GET"]}}],"collection":[{"href":"https:\/\/ecosdelsur.com\/index.php?rest_route=\/wp\/v2\/posts"}],"about":[{"href":"https:\/\/ecosdelsur.com\/index.php?rest_route=\/wp\/v2\/types\/post"}],"author":[{"embeddable":true,"href":"https:\/\/ecosdelsur.com\/index.php?rest_route=\/wp\/v2\/users\/8"}],"replies":[{"embeddable":true,"href":"https:\/\/ecosdelsur.com\/index.php?rest_route=%2Fwp%2Fv2%2Fcomments&post=41393"}],"version-history":[{"count":1,"href":"https:\/\/ecosdelsur.com\/index.php?rest_route=\/wp\/v2\/posts\/41393\/revisions"}],"predecessor-version":[{"id":41395,"href":"https:\/\/ecosdelsur.com\/index.php?rest_route=\/wp\/v2\/posts\/41393\/revisions\/41395"}],"wp:featuredmedia":[{"embeddable":true,"href":"https:\/\/ecosdelsur.com\/index.php?rest_route=\/wp\/v2\/media\/41394"}],"wp:attachment":[{"href":"https:\/\/ecosdelsur.com\/index.php?rest_route=%2Fwp%2Fv2%2Fmedia&parent=41393"}],"wp:term":[{"taxonomy":"category","embeddable":true,"href":"https:\/\/ecosdelsur.com\/index.php?rest_route=%2Fwp%2Fv2%2Fcategories&post=41393"},{"taxonomy":"post_tag","embeddable":true,"href":"https:\/\/ecosdelsur.com\/index.php?rest_route=%2Fwp%2Fv2%2Ftags&post=41393"}],"curies":[{"name":"wp","href":"https:\/\/api.w.org\/{rel}","templated":true}]}}