{"id":41390,"date":"2026-04-25T15:50:20","date_gmt":"2026-04-25T18:50:20","guid":{"rendered":"https:\/\/ecosdelsur.com\/?p=41390"},"modified":"2026-04-25T15:50:20","modified_gmt":"2026-04-25T18:50:20","slug":"elorrieta-cruzo-a-carambia-y-defendio-al-gobierno-romper-en-este-momento-es-una-locura","status":"publish","type":"post","link":"https:\/\/ecosdelsur.com\/?p=41390","title":{"rendered":"Elorrieta cruz\u00f3 a Carambia y defendi\u00f3 al Gobierno: \u201cRomper en este momento es una locura\u201d"},"content":{"rendered":"<p>El presidente del partido SER cuestion\u00f3 con dureza al senador y justific\u00f3 el video que public\u00f3 en redes. Tambi\u00e9n defendi\u00f3 la gesti\u00f3n provincial y el rumbo pol\u00edtico en medio de tensiones internas.<\/p>\n<p>En medio de la creciente tensi\u00f3n pol\u00edtica en Santa Cruz, el presidente del partido SER y funcionario provincial, Hern\u00e1n Elorrieta, sali\u00f3 al cruce del senador Jos\u00e9 Mar\u00eda Carambia tras sus recientes declaraciones y su alejamiento del espacio pol\u00edtico que llev\u00f3 al actual gobierno al poder.<\/p>\n<p>Durante una entrevista con La Data en Ecos Noticias (Radio Ecos del Sur), Elorrieta explic\u00f3 los motivos que lo llevaron a publicar un video en redes sociales con fuertes cr\u00edticas hacia el legislador. \u201cPasaron un mont\u00f3n de cosas. Yo respond\u00ed a los dichos de Carambia y lo hice desde lo que creo y desde lo que venimos construyendo\u201d, afirm\u00f3.<\/p>\n<p>El dirigente no ahorr\u00f3 cuestionamientos y acus\u00f3 al senador de actuar por intereses personales. \u201cRomper en estos momentos dif\u00edciles de Santa Cruz es una locura, es pensar \u00fanicamente en su espacio y no en los santacruce\u00f1os\u201d, sostuvo. En la misma l\u00ednea, calific\u00f3 la decisi\u00f3n pol\u00edtica como \u201cuna canallada\u201d y remarc\u00f3 que la discusi\u00f3n deber\u00eda haberse dado dentro del espacio y no de manera p\u00fablica.<\/p>\n<p>Elorrieta tambi\u00e9n vincul\u00f3 sus cr\u00edticas con su experiencia en el \u00e1mbito gremial y la defensa de los trabajadores. \u201cNosotros venimos de un gremio, sabemos lo que es defender a los trabajadores en momentos dif\u00edciles. No acepto la demagogia de quienes nunca estuvieron del lado de los trabajadores\u201d, expres\u00f3, al tiempo que cuestion\u00f3 el rol hist\u00f3rico del sector que representa Carambia.<\/p>\n<p>Asimismo, el funcionario defendi\u00f3 la gesti\u00f3n del gobernador Claudio Vidal y asegur\u00f3 que, pese a las dificultades econ\u00f3micas, la provincia mantiene un importante nivel de obra p\u00fablica. \u201cSanta Cruz es hoy una de las provincias con m\u00e1s obras en ejecuci\u00f3n. No alcanza, pero estamos haciendo cosas distintas en un contexto muy complejo\u201d, indic\u00f3.<\/p>\n<p>Consultado sobre la interna pol\u00edtica y las diferencias dentro del oficialismo, Elorrieta reconoci\u00f3 que los debates son habituales en una coalici\u00f3n de gobierno, aunque marc\u00f3 diferencias con la decisi\u00f3n del senador. \u201cLas cr\u00edticas son v\u00e1lidas, pero deben darse dentro del espacio. Lo que pas\u00f3 fue distinto: Carambia rompi\u00f3\u201d, enfatiz\u00f3.<\/p>\n<p>En relaci\u00f3n a otros dirigentes mencionados en el escenario pol\u00edtico, se\u00f1al\u00f3 que no tiene confirmaci\u00f3n de rupturas similares y consider\u00f3 que el contexto actual exige di\u00e1logo y b\u00fasqueda de soluciones. \u201cTodos estamos atravesando momentos dif\u00edciles, pero hay que aportar soluciones y no solo cr\u00edticas\u201d, agreg\u00f3.<\/p>\n<p>Finalmente, el dirigente reiter\u00f3 su postura sobre la necesidad de sostener la unidad pol\u00edtica en un contexto complejo para la provincia y el pa\u00eds. \u201cEl camino de hacer las cosas bien no es f\u00e1cil, pero es el que elegimos. Y en ese camino, romper acuerdos no ayuda a la gente\u201d, concluy\u00f3.<\/p>\n","protected":false},"excerpt":{"rendered":"<p>El presidente del partido SER cuestion\u00f3 con dureza al senador y justific\u00f3 el video que public\u00f3 en redes. Tambi\u00e9n defendi\u00f3<\/p>\n","protected":false},"author":8,"featured_media":41391,"comment_status":"open","ping_status":"closed","sticky":false,"template":"","format":"standard","meta":{"footnotes":""},"categories":[33],"tags":[172,1579,48],"class_list":["post-41390","post","type-post","status-publish","format-standard","has-post-thumbnail","hentry","category-politica","tag-hernan-elorrieta","tag-jose-maria-carambia","tag-santa-cruz"],"_links":{"self":[{"href":"https:\/\/ecosdelsur.com\/index.php?rest_route=\/wp\/v2\/posts\/41390","targetHints":{"allow":["GET"]}}],"collection":[{"href":"https:\/\/ecosdelsur.com\/index.php?rest_route=\/wp\/v2\/posts"}],"about":[{"href":"https:\/\/ecosdelsur.com\/index.php?rest_route=\/wp\/v2\/types\/post"}],"author":[{"embeddable":true,"href":"https:\/\/ecosdelsur.com\/index.php?rest_route=\/wp\/v2\/users\/8"}],"replies":[{"embeddable":true,"href":"https:\/\/ecosdelsur.com\/index.php?rest_route=%2Fwp%2Fv2%2Fcomments&post=41390"}],"version-history":[{"count":1,"href":"https:\/\/ecosdelsur.com\/index.php?rest_route=\/wp\/v2\/posts\/41390\/revisions"}],"predecessor-version":[{"id":41392,"href":"https:\/\/ecosdelsur.com\/index.php?rest_route=\/wp\/v2\/posts\/41390\/revisions\/41392"}],"wp:featuredmedia":[{"embeddable":true,"href":"https:\/\/ecosdelsur.com\/index.php?rest_route=\/wp\/v2\/media\/41391"}],"wp:attachment":[{"href":"https:\/\/ecosdelsur.com\/index.php?rest_route=%2Fwp%2Fv2%2Fmedia&parent=41390"}],"wp:term":[{"taxonomy":"category","embeddable":true,"href":"https:\/\/ecosdelsur.com\/index.php?rest_route=%2Fwp%2Fv2%2Fcategories&post=41390"},{"taxonomy":"post_tag","embeddable":true,"href":"https:\/\/ecosdelsur.com\/index.php?rest_route=%2Fwp%2Fv2%2Ftags&post=41390"}],"curies":[{"name":"wp","href":"https:\/\/api.w.org\/{rel}","templated":true}]}}