{"id":41378,"date":"2026-04-25T15:04:56","date_gmt":"2026-04-25T18:04:56","guid":{"rendered":"https:\/\/ecosdelsur.com\/?p=41378"},"modified":"2026-04-25T15:20:27","modified_gmt":"2026-04-25T18:20:27","slug":"asijemin-impulsa-capacitacion-laboral-para-jovenes-en-puerto-san-julian","status":"publish","type":"post","link":"https:\/\/ecosdelsur.com\/?p=41378","title":{"rendered":"ASIJEMIN impulsa capacitaci\u00f3n laboral para j\u00f3venes en Puerto San Juli\u00e1n \u00a0"},"content":{"rendered":"<div class=\"itemToolbar2\">\n<p><span class=\"itemDateCreated\" style=\"color: #ff0000;\">S\u00e1bado, 25 Abril 2026 &#8211; <\/span>En Puerto San Juli\u00e1n, 55 estudiantes de sexto a\u00f1o de la Escuela Industrial N\u00b0 8 participan de una capacitaci\u00f3n en <em>\u201cInspecci\u00f3n, mantenimiento y seguridad b\u00e1sica de equipos mineros y viales\u201d,<\/em> una propuesta que combina formaci\u00f3n te\u00f3rica con pr\u00e1cticas de campo y contacto directo con maquinaria.<img decoding=\"async\" class=\"alignnone size-full wp-image-41382 lazyload\" data-src=\"https:\/\/ecosdelsur.com\/wp-content\/uploads\/2026\/04\/WhatsApp-Image-2026-04-25-at-14.54.40.jpeg\" alt=\"\" width=\"1024\" height=\"619\" data-srcset=\"https:\/\/ecosdelsur.com\/wp-content\/uploads\/2026\/04\/WhatsApp-Image-2026-04-25-at-14.54.40.jpeg 1024w, https:\/\/ecosdelsur.com\/wp-content\/uploads\/2026\/04\/WhatsApp-Image-2026-04-25-at-14.54.40-300x181.jpeg 300w, https:\/\/ecosdelsur.com\/wp-content\/uploads\/2026\/04\/WhatsApp-Image-2026-04-25-at-14.54.40-768x464.jpeg 768w\" data-sizes=\"(max-width: 1024px) 100vw, 1024px\" src=\"data:image\/svg+xml;base64,PHN2ZyB3aWR0aD0iMSIgaGVpZ2h0PSIxIiB4bWxucz0iaHR0cDovL3d3dy53My5vcmcvMjAwMC9zdmciPjwvc3ZnPg==\" style=\"--smush-placeholder-width: 1024px; --smush-placeholder-aspect-ratio: 1024\/619;\" \/><\/p>\n<p>Lejos de ser un curso m\u00e1s, esta experiencia les brinda la oportunidad de <strong>sentirse protagonistas de su futuro. <\/strong>La capacitaci\u00f3n laboral es una herramienta fundamental para que los j\u00f3venes puedan construir proyectos de vida viables, fortalecer su empleabilidad y reducir la brecha entre educaci\u00f3n y mundo del trabajo. En contextos productivos como el de Santa Cruz, esta articulaci\u00f3n resulta estrat\u00e9gica para la educaci\u00f3n t\u00e9cnica y el desarrollo econ\u00f3mico. <img decoding=\"async\" class=\"alignnone size-full wp-image-41380 lazyload\" data-src=\"https:\/\/ecosdelsur.com\/wp-content\/uploads\/2026\/04\/WhatsApp-Image-2026-04-25-at-14.54.40-2.jpeg\" alt=\"\" width=\"1024\" height=\"574\" data-srcset=\"https:\/\/ecosdelsur.com\/wp-content\/uploads\/2026\/04\/WhatsApp-Image-2026-04-25-at-14.54.40-2.jpeg 1024w, https:\/\/ecosdelsur.com\/wp-content\/uploads\/2026\/04\/WhatsApp-Image-2026-04-25-at-14.54.40-2-300x168.jpeg 300w, https:\/\/ecosdelsur.com\/wp-content\/uploads\/2026\/04\/WhatsApp-Image-2026-04-25-at-14.54.40-2-768x431.jpeg 768w\" data-sizes=\"(max-width: 1024px) 100vw, 1024px\" src=\"data:image\/svg+xml;base64,PHN2ZyB3aWR0aD0iMSIgaGVpZ2h0PSIxIiB4bWxucz0iaHR0cDovL3d3dy53My5vcmcvMjAwMC9zdmciPjwvc3ZnPg==\" style=\"--smush-placeholder-width: 1024px; --smush-placeholder-aspect-ratio: 1024\/574;\" \/><\/p>\n<p>La iniciativa se desarrolla en medio de debates vigentes sobre el cumplimiento y efectividad del 90\/10 como cupo laboral santacruce\u00f1o, una pol\u00edtica que busca garantizar que la actividad minera genere beneficios concretos en las comunidades donde opera. Sin embargo, m\u00e1s all\u00e1 de las discusiones normativas, la verdadera inclusi\u00f3n laboral comienza mucho antes: en la formaci\u00f3n, en el acceso al conocimiento t\u00e9cnico y n la generaci\u00f3n de oportunidades reales para los j\u00f3venes<\/p>\n<p>Este escenario se vuelve a\u00fan m\u00e1s relevante si se considera el momento que atraviesa la educaci\u00f3n t\u00e9cnico-profesional, con desaf\u00edos estructurales que requieren respuestas concretas. En este sentido, propuestas como se convierten en un verdadero acto de compromiso social: acercan la industria a la escuela, promueven la transferencia de conocimiento y siembran oportunidades para las presentes y futuras generaciones. <img decoding=\"async\" class=\"alignnone size-full wp-image-41379 lazyload\" data-src=\"https:\/\/ecosdelsur.com\/wp-content\/uploads\/2026\/04\/WhatsApp-Image-2026-04-25-at-14.54.40-1.jpeg\" alt=\"\" width=\"1024\" height=\"610\" data-srcset=\"https:\/\/ecosdelsur.com\/wp-content\/uploads\/2026\/04\/WhatsApp-Image-2026-04-25-at-14.54.40-1.jpeg 1024w, https:\/\/ecosdelsur.com\/wp-content\/uploads\/2026\/04\/WhatsApp-Image-2026-04-25-at-14.54.40-1-300x179.jpeg 300w, https:\/\/ecosdelsur.com\/wp-content\/uploads\/2026\/04\/WhatsApp-Image-2026-04-25-at-14.54.40-1-768x458.jpeg 768w\" data-sizes=\"(max-width: 1024px) 100vw, 1024px\" src=\"data:image\/svg+xml;base64,PHN2ZyB3aWR0aD0iMSIgaGVpZ2h0PSIxIiB4bWxucz0iaHR0cDovL3d3dy53My5vcmcvMjAwMC9zdmciPjwvc3ZnPg==\" style=\"--smush-placeholder-width: 1024px; --smush-placeholder-aspect-ratio: 1024\/610;\" \/><\/p>\n<p>El acompa\u00f1amiento institucional de las autoridades escolares ha sido clave. El director Julio Gavotti, el vicedirector Rub\u00e9n Damiani y la regente de cultura t\u00e9cnica Julia Gonz\u00e1lez respaldan activamente la iniciativa, entendiendo que las pr\u00e1cticas profesionalizantes son decisivas para que los estudiantes puedan proyectarse con mayor confianza en el \u00e1mbito laboral.<\/p>\n<p>La capacitaci\u00f3n es impulsada por <strong>ASIJEMIN (Asociaci\u00f3n Sindical de Jer\u00e1rquicos Mineros)<\/strong>, que se distingue por su enfoque territorial y por involucrar a trabajadores y dirigentes en los procesos formativos. En este caso, la formaci\u00f3n est\u00e1 a cargo de Mart\u00edn Pietroboni, Director de formaci\u00f3n y capacitaci\u00f3n de la Delegaci\u00f3n Regional Sur y Supervisor de Mantenimiento en una empresa minera de Santa Cruz, quien acompa\u00f1a a los estudiantes en la pr\u00e1ctica, promoviendo la cultura de la seguridad y la prevenci\u00f3n como pilares del trabajo responsable.<\/p>\n<p>En un contexto donde la miner\u00eda santacruce\u00f1a ocupa un lugar destacado en las exportaciones nacionales y tras sus 30 a\u00f1os de desarrollo en la provincia, estas acciones demuestran que todav\u00eda es posible <strong>construir futuro desde la Comunidad<\/strong>, generando oportunidades concretas para los j\u00f3venes y fortaleciendo el tejido social de Puerto San Juli\u00e1n.<\/p>\n<p>ASIJEMIN, a trav\u00e9s de estas acciones, se convierte en un <strong>puente entre la escuela y el mundo del trabajo<\/strong>, reafirmando que el verdadero impacto del 90\/10 no est\u00e1 en los discursos, sino en las oportunidades que llegan a las manos de las nuevas generaciones.<\/p>\n<\/div>\n","protected":false},"excerpt":{"rendered":"<p>S\u00e1bado, 25 Abril 2026 &#8211; En Puerto San Juli\u00e1n, 55 estudiantes de sexto a\u00f1o de la Escuela Industrial N\u00b0 8<\/p>\n","protected":false},"author":8,"featured_media":41381,"comment_status":"open","ping_status":"closed","sticky":false,"template":"","format":"standard","meta":{"footnotes":""},"categories":[34],"tags":[],"class_list":["post-41378","post","type-post","status-publish","format-standard","has-post-thumbnail","hentry","category-economia"],"_links":{"self":[{"href":"https:\/\/ecosdelsur.com\/index.php?rest_route=\/wp\/v2\/posts\/41378","targetHints":{"allow":["GET"]}}],"collection":[{"href":"https:\/\/ecosdelsur.com\/index.php?rest_route=\/wp\/v2\/posts"}],"about":[{"href":"https:\/\/ecosdelsur.com\/index.php?rest_route=\/wp\/v2\/types\/post"}],"author":[{"embeddable":true,"href":"https:\/\/ecosdelsur.com\/index.php?rest_route=\/wp\/v2\/users\/8"}],"replies":[{"embeddable":true,"href":"https:\/\/ecosdelsur.com\/index.php?rest_route=%2Fwp%2Fv2%2Fcomments&post=41378"}],"version-history":[{"count":3,"href":"https:\/\/ecosdelsur.com\/index.php?rest_route=\/wp\/v2\/posts\/41378\/revisions"}],"predecessor-version":[{"id":41389,"href":"https:\/\/ecosdelsur.com\/index.php?rest_route=\/wp\/v2\/posts\/41378\/revisions\/41389"}],"wp:featuredmedia":[{"embeddable":true,"href":"https:\/\/ecosdelsur.com\/index.php?rest_route=\/wp\/v2\/media\/41381"}],"wp:attachment":[{"href":"https:\/\/ecosdelsur.com\/index.php?rest_route=%2Fwp%2Fv2%2Fmedia&parent=41378"}],"wp:term":[{"taxonomy":"category","embeddable":true,"href":"https:\/\/ecosdelsur.com\/index.php?rest_route=%2Fwp%2Fv2%2Fcategories&post=41378"},{"taxonomy":"post_tag","embeddable":true,"href":"https:\/\/ecosdelsur.com\/index.php?rest_route=%2Fwp%2Fv2%2Ftags&post=41378"}],"curies":[{"name":"wp","href":"https:\/\/api.w.org\/{rel}","templated":true}]}}