{"id":41371,"date":"2026-04-24T21:01:22","date_gmt":"2026-04-25T00:01:22","guid":{"rendered":"https:\/\/ecosdelsur.com\/?p=41371"},"modified":"2026-04-24T21:01:49","modified_gmt":"2026-04-25T00:01:49","slug":"la-vice-presidenta-de-los-argentinos-victoria-villarruel-recorre-la-periferia-de-la-patria","status":"publish","type":"post","link":"https:\/\/ecosdelsur.com\/?p=41371","title":{"rendered":"La vice presidenta de los Argentinos, Victoria Villarruel recorre la periferia de la patria"},"content":{"rendered":"<p><span class=\"itemDateCreated\" style=\"color: #ff0000;\">Viernes, 24 Abril 2026 &#8211; <\/span>La vicepresidenta de la Naci\u00f3n, Victoria Villarruel, arrib\u00f3 a la provincia de Santa Cruz este viernes 24 de abril de 2026, con una agenda enfocada en la zona norte provincial y el fortalecimiento del federalismo.<img decoding=\"async\" class=\"alignnone size-full wp-image-41372 lazyload\" data-src=\"https:\/\/ecosdelsur.com\/wp-content\/uploads\/2026\/04\/FB_IMG_1777054216626.jpg\" alt=\"\" width=\"1024\" height=\"682\" data-srcset=\"https:\/\/ecosdelsur.com\/wp-content\/uploads\/2026\/04\/FB_IMG_1777054216626.jpg 1024w, https:\/\/ecosdelsur.com\/wp-content\/uploads\/2026\/04\/FB_IMG_1777054216626-300x200.jpg 300w, https:\/\/ecosdelsur.com\/wp-content\/uploads\/2026\/04\/FB_IMG_1777054216626-768x512.jpg 768w\" data-sizes=\"(max-width: 1024px) 100vw, 1024px\" src=\"data:image\/svg+xml;base64,PHN2ZyB3aWR0aD0iMSIgaGVpZ2h0PSIxIiB4bWxucz0iaHR0cDovL3d3dy53My5vcmcvMjAwMC9zdmciPjwvc3ZnPg==\" style=\"--smush-placeholder-width: 1024px; --smush-placeholder-aspect-ratio: 1024\/682;\" \/><\/p>\n<p>Tras arribar una hora antes al aeropuerto de Comodoro Rivadavia, su desplazamiento en Santa Cruz por la Ruta Nacional N\u00ba 3 y las Rutas Provinciales N\u00ba 12 y 43, se hizo en medio de un fuerte operativo de seguridad coordinado por la Polic\u00eda Federal y la Polic\u00eda de esta provincia, conformando una caravana que incluy\u00f3 lujosas camionetas de gran porte, patrulleros y motociclistas.<img decoding=\"async\" class=\"alignnone size-full wp-image-41374 lazyload\" data-src=\"https:\/\/ecosdelsur.com\/wp-content\/uploads\/2026\/04\/IMG-20260424-WA0003.jpg\" alt=\"\" width=\"1024\" height=\"642\" data-srcset=\"https:\/\/ecosdelsur.com\/wp-content\/uploads\/2026\/04\/IMG-20260424-WA0003.jpg 1024w, https:\/\/ecosdelsur.com\/wp-content\/uploads\/2026\/04\/IMG-20260424-WA0003-300x188.jpg 300w, https:\/\/ecosdelsur.com\/wp-content\/uploads\/2026\/04\/IMG-20260424-WA0003-768x482.jpg 768w\" data-sizes=\"(max-width: 1024px) 100vw, 1024px\" src=\"data:image\/svg+xml;base64,PHN2ZyB3aWR0aD0iMSIgaGVpZ2h0PSIxIiB4bWxucz0iaHR0cDovL3d3dy53My5vcmcvMjAwMC9zdmciPjwvc3ZnPg==\" style=\"--smush-placeholder-width: 1024px; --smush-placeholder-aspect-ratio: 1024\/642;\" \/><\/p>\n<p>La visita de Villarroel que se extender\u00e1 hasta ma\u00f1ana responde a una invitaci\u00f3n de los senadores santacruce\u00f1os Jos\u00e9 Mar\u00eda Carambia -quien la esperaba en Las Heras- y Natalia Gadano, la cual la aguardada en el acceso norte de la ciudad del Gorosito.<img decoding=\"async\" class=\"alignnone size-full wp-image-41373 lazyload\" data-src=\"https:\/\/ecosdelsur.com\/wp-content\/uploads\/2026\/04\/IMG-20260424-WA0002.jpg\" alt=\"\" width=\"1024\" height=\"627\" data-srcset=\"https:\/\/ecosdelsur.com\/wp-content\/uploads\/2026\/04\/IMG-20260424-WA0002.jpg 1024w, https:\/\/ecosdelsur.com\/wp-content\/uploads\/2026\/04\/IMG-20260424-WA0002-300x184.jpg 300w, https:\/\/ecosdelsur.com\/wp-content\/uploads\/2026\/04\/IMG-20260424-WA0002-768x470.jpg 768w\" data-sizes=\"(max-width: 1024px) 100vw, 1024px\" src=\"data:image\/svg+xml;base64,PHN2ZyB3aWR0aD0iMSIgaGVpZ2h0PSIxIiB4bWxucz0iaHR0cDovL3d3dy53My5vcmcvMjAwMC9zdmciPjwvc3ZnPg==\" style=\"--smush-placeholder-width: 1024px; --smush-placeholder-aspect-ratio: 1024\/627;\" \/><\/p>\n<p>Ambos legisladores representan al bloque \u201cPor Santa Cruz\u201d, referenciado por el gobernador Claudio Vidal, pero en el curso de los \u00faltimos d\u00edas comenzaron a distanciarse del mandatario provincial, sobre todo Carambia, quien manifest\u00f3 sus discrepancias y ya anticip\u00f3 que se postular\u00e1 a gobernador en 2027, en tanto que Gadano dio a entender que procurar\u00e1 disputar la intendencia de Caleta Olivia.<\/p>\n<p>En tanto, se preve\u00eda que la agenda de la vicepresidenta incluyera reuniones protocolares con los intendentes de Las Heras, Antonio Carambia (hermano del senador), de Perito Moreno, Mat\u00edasTreppo y de Los Antiguos, Zulma Neira.<\/p>\n<p>La llegada de Villarruel coincidi\u00f3 con una jornada ventosa y fr\u00eda. Luc\u00eda pa\u00f1uelo al cuello con visos celestes y un distintivo artesanal con los colores de la bandera argentina colocado en la solapa de su saco negro azulado.<\/p>\n<p>Al descender en el acceso norte y antes de tomarse fotograf\u00edas con el fondo marino, no tuvo reparos en responder a consultas period\u00edsticas de medios locales, por espacio de algo m\u00e1s de tres minutos.<\/p>\n<p>Sus declaraciones trasuntaron por cuestiones de pol\u00edtica y defensa de la soberan\u00eda, reflejando su distanciamiento del presidente Javier Milei en ambos sentidos, al tiempo que t\u00e1citamente no descart\u00f3 su postulaci\u00f3n presidencial para el pr\u00f3ximo a\u00f1o.<\/p>\n<p>Estoy muy contenta de estar nuevamente en Patagonia que es el futuro de la Rep\u00fablica Argentina\u201d, fueron los primeros conceptos de la vicepresidenta que, vale recordar, vivi\u00f3 varios a\u00f1os de su infancia en R\u00edo Mayo ya que su padre, oficial del Ej\u00e9rcito, cumpli\u00f3 un destino en esa localidad chubutense y fue combatiente en la guerra de Malvinas.<\/p>\n<p>Seguidamente dijo que ahora su objetivo era, junto con los senadores Carambia y Gadano \u201cconocer algunas de las localidades y departamentos de esta provincia. Por supuesto tambi\u00e9n he hablado con el gobernador avis\u00e1ndole de mi visita y espero poder verlo, pero yo siempre he tenido a Santa Cruz muy presente\u201d.<\/p>\n<p>En ese contexto dej\u00f3 sentado con firmeza que \u201cla Rep\u00fablica Argentina no solo es la Capital Federal sin tambi\u00e9n todas las provincias y necesitamos hacer presencia efectiva, as\u00ed que desde ese punto de vista y con esa intenci\u00f3n, en mi recorridas por todo el pa\u00eds, he venido nuevamente a esta regi\u00f3n y esta amada estepa patag\u00f3nica\u201d.<\/p>\n<p>\u201cSeguramente ma\u00f1ana podr\u00e9 hacer otros comentarios luego de la recorrida, pero creo que lo principal es la importancia que est\u00e9 aqu\u00ed presente junto a los senadores Carambia y Gadano y que los santacruce\u00f1os sepan que para esta vicepresidenta y para el Senado de la Naci\u00f3n existen y son tomados en cuenta\u201d, puntualiz\u00f3.<\/p>\n<p>Los medio de comunicaci\u00f3n en el lugar consultaron sobre sus serias discrepancias con Javier Milei en vistas de que ello perjudica las relaciones institucionales para superar problemas en el pa\u00eds, dijo que \u201cciertamente nos falta uni\u00f3n, pero para lograr ello tenemos que trabajar todos y desde ese punto de vista yo estoy haciendo lo que me corresponde\u201d.<\/p>\n<p>\u201cLas desavenencias que tengo con el presidente se tendr\u00e1n que resolver en la instancias y privacidad que correspondan\u201d, conjetur\u00f3.<\/p>\n<p>Finalmente cuando este mismo medio le pregunt\u00f3 si ya ten\u00eda decidido postularse en 2027 a la presidencia de la Naci\u00f3n, esboz\u00f3 una sonrisa, expresado que \u201cno lo s\u00e9 porque todav\u00eda es muy temprano para afirmar algo as\u00ed\u201d.<\/p>\n<p><strong>Su visita, centrada en la &#8220;periferia&#8221; del pa\u00eds, incluy\u00f3 las siguientes actividades y declaraciones clave:<\/strong><\/p>\n<p><strong>Objetivo de la visita<\/strong>: Villarruel destac\u00f3 la necesidad de &#8220;hacer presencia efectiva&#8221; en las provincias, afirmando que &#8220;el pa\u00eds no es solo Capital Federal y necesitamos federalizar la gesti\u00f3n&#8221;.<\/p>\n<p>Recorrido y Reuniones: Arrib\u00f3 invitada por los senadores nacionales Jos\u00e9 Mar\u00eda Carambia y Natalia Gadano (del bloque &#8220;Por Santa Cruz&#8221;), aliados del gobernador Claudio Vidal. La agenda incluy\u00f3 reuniones con autoridades provinciales, gremios y empresarios locales para conocer las problem\u00e1ticas de la zona norte, cubriendo localidades como Las Heras, Perito Moreno y Los Antiguos.<\/p>\n<p><strong>Zona Norte y Producci\u00f3n:<\/strong> La vicepresidenta recorri\u00f3 el flanco norte provincial por v\u00eda terrestre, recorriendo &#8220;muchos kil\u00f3metros&#8221; para interiorizarse sobre la producci\u00f3n y el turismo.<\/p>\n<p><strong>Situaci\u00f3n Pol\u00edtica:<\/strong> La visita se dio en un contexto de tensiones pol\u00edticas y de reconfiguraci\u00f3n pol\u00edtica nacional. Villarruel llam\u00f3 a &#8220;trabajar por la uni\u00f3n&#8221; y evit\u00f3 profundizar sobre sus internas nacionales o diferencias con el presidente Javier Milei.<\/p>\n<p><strong>Menci\u00f3n a la Ruta 3:<\/strong> Calific\u00f3 el estado de la Ruta Nacional N\u00b0 3 como una &#8220;deuda con los argentinos&#8221; debido a su importancia estrat\u00e9gica.<\/p>\n<p>&nbsp;<\/p>\n","protected":false},"excerpt":{"rendered":"<p>Viernes, 24 Abril 2026 &#8211; La vicepresidenta de la Naci\u00f3n, Victoria Villarruel, arrib\u00f3 a la provincia de Santa Cruz este<\/p>\n","protected":false},"author":8,"featured_media":41375,"comment_status":"open","ping_status":"closed","sticky":false,"template":"","format":"standard","meta":{"footnotes":""},"categories":[33],"tags":[],"class_list":["post-41371","post","type-post","status-publish","format-standard","has-post-thumbnail","hentry","category-politica"],"_links":{"self":[{"href":"https:\/\/ecosdelsur.com\/index.php?rest_route=\/wp\/v2\/posts\/41371","targetHints":{"allow":["GET"]}}],"collection":[{"href":"https:\/\/ecosdelsur.com\/index.php?rest_route=\/wp\/v2\/posts"}],"about":[{"href":"https:\/\/ecosdelsur.com\/index.php?rest_route=\/wp\/v2\/types\/post"}],"author":[{"embeddable":true,"href":"https:\/\/ecosdelsur.com\/index.php?rest_route=\/wp\/v2\/users\/8"}],"replies":[{"embeddable":true,"href":"https:\/\/ecosdelsur.com\/index.php?rest_route=%2Fwp%2Fv2%2Fcomments&post=41371"}],"version-history":[{"count":1,"href":"https:\/\/ecosdelsur.com\/index.php?rest_route=\/wp\/v2\/posts\/41371\/revisions"}],"predecessor-version":[{"id":41376,"href":"https:\/\/ecosdelsur.com\/index.php?rest_route=\/wp\/v2\/posts\/41371\/revisions\/41376"}],"wp:featuredmedia":[{"embeddable":true,"href":"https:\/\/ecosdelsur.com\/index.php?rest_route=\/wp\/v2\/media\/41375"}],"wp:attachment":[{"href":"https:\/\/ecosdelsur.com\/index.php?rest_route=%2Fwp%2Fv2%2Fmedia&parent=41371"}],"wp:term":[{"taxonomy":"category","embeddable":true,"href":"https:\/\/ecosdelsur.com\/index.php?rest_route=%2Fwp%2Fv2%2Fcategories&post=41371"},{"taxonomy":"post_tag","embeddable":true,"href":"https:\/\/ecosdelsur.com\/index.php?rest_route=%2Fwp%2Fv2%2Ftags&post=41371"}],"curies":[{"name":"wp","href":"https:\/\/api.w.org\/{rel}","templated":true}]}}