{"id":41365,"date":"2026-04-24T18:21:19","date_gmt":"2026-04-24T21:21:19","guid":{"rendered":"https:\/\/ecosdelsur.com\/?p=41365"},"modified":"2026-04-24T18:21:19","modified_gmt":"2026-04-24T21:21:19","slug":"no-hay-nada-para-ofrecerle-al-trabajador-y-el-gobierno-no-abre-el-dialogo","status":"publish","type":"post","link":"https:\/\/ecosdelsur.com\/?p=41365","title":{"rendered":"\u201cNo hay nada para ofrecerle al trabajador y el Gobierno no abre el di\u00e1logo\u201d"},"content":{"rendered":"<p>En medio de un conflicto que se profundiza semana a semana, la Asociaci\u00f3n Docentes de Santa Cruz (ADOSAC) lleva adelante un paro de 72 horas en el marco de una jornada de protesta impulsada por el Frente Sindical.<\/p>\n<p>En comunicaci\u00f3n telef\u00f3nica con el programa Ecos Noticias, el secretario de prensa del gremio, Juan Manuel Valent\u00edn, cuestion\u00f3 duramente al Gobierno provincial por la falta de convocatoria a paritarias y la ausencia de respuestas a los reclamos salariales y laborales.<\/p>\n<p>\u201cEstamos frente a un gobierno que no tiene nada para ofrecerle al pueblo trabajador. La situaci\u00f3n cada d\u00eda est\u00e1 m\u00e1s complicada\u201d, afirm\u00f3.<\/p>\n<p>Seg\u00fan explic\u00f3, el conflicto se arrastra desde el inicio del ciclo lectivo y se agrava por el impacto de la inflaci\u00f3n sobre los salarios. \u201cEl aumento que conseguimos el a\u00f1o pasado ya fue superado en los primeros meses de este a\u00f1o. Hoy los trabajadores vuelven a estar por debajo de la l\u00ednea de pobreza\u201d, advirti\u00f3.<\/p>\n<p>Desde el gremio denuncian adem\u00e1s que no s\u00f3lo los docentes se ven afectados, sino que la falta de negociaci\u00f3n alcanza a distintos sectores estatales. \u201cNo se abren paritarias ni para salud, ni para administraci\u00f3n p\u00fablica, ni para otros sectores. Es una situaci\u00f3n generalizada\u201d, se\u00f1al\u00f3.<\/p>\n<p>En ese contexto, Valent\u00edn tambi\u00e9n critic\u00f3 los anuncios oficiales sobre una posible convocatoria a negociaci\u00f3n reci\u00e9n para mediados de mayo. \u201cNos vienen diciendo \u2018esperen\u2019 desde el a\u00f1o pasado. Prometieron reuniones en julio, despu\u00e9s en octubre, en enero, en marzo\u2026 y nunca se concretan. No podemos seguir creyendo en promesas\u201d, sostuvo.<\/p>\n<p>El dirigente sindical tambi\u00e9n vincul\u00f3 el conflicto provincial con el contexto econ\u00f3mico nacional, apuntando contra la gesti\u00f3n del presidente Javier Milei. \u201cLa inflaci\u00f3n no deja de crecer y eso golpea directamente a los trabajadores. Si no hay recomposici\u00f3n salarial, podemos terminar el a\u00f1o en situaci\u00f3n de indigencia\u201d, alert\u00f3.<\/p>\n<p>En cuanto a las medidas de fuerza, confirm\u00f3 que el paro de 72 horas iniciado el mi\u00e9rcoles se mantiene hasta este viernes, mientras que el fin de semana se realizar\u00e1 un congreso provincial para definir la continuidad del plan de lucha.<\/p>\n<p>Finalmente, el dirigente advirti\u00f3 sobre el impacto de la crisis en la econom\u00eda local. \u201cHay ca\u00edda del consumo, cierre de comercios y aumento de la desocupaci\u00f3n. La situaci\u00f3n es cr\u00edtica y requiere respuestas urgentes\u201d, concluy\u00f3.<\/p>\n","protected":false},"excerpt":{"rendered":"<p>En medio de un conflicto que se profundiza semana a semana, la Asociaci\u00f3n Docentes de Santa Cruz (ADOSAC) lleva adelante<\/p>\n","protected":false},"author":8,"featured_media":41366,"comment_status":"open","ping_status":"closed","sticky":false,"template":"","format":"standard","meta":{"footnotes":""},"categories":[33],"tags":[70,484,48],"class_list":["post-41365","post","type-post","status-publish","format-standard","has-post-thumbnail","hentry","category-politica","tag-adosac","tag-docentes","tag-santa-cruz"],"_links":{"self":[{"href":"https:\/\/ecosdelsur.com\/index.php?rest_route=\/wp\/v2\/posts\/41365","targetHints":{"allow":["GET"]}}],"collection":[{"href":"https:\/\/ecosdelsur.com\/index.php?rest_route=\/wp\/v2\/posts"}],"about":[{"href":"https:\/\/ecosdelsur.com\/index.php?rest_route=\/wp\/v2\/types\/post"}],"author":[{"embeddable":true,"href":"https:\/\/ecosdelsur.com\/index.php?rest_route=\/wp\/v2\/users\/8"}],"replies":[{"embeddable":true,"href":"https:\/\/ecosdelsur.com\/index.php?rest_route=%2Fwp%2Fv2%2Fcomments&post=41365"}],"version-history":[{"count":1,"href":"https:\/\/ecosdelsur.com\/index.php?rest_route=\/wp\/v2\/posts\/41365\/revisions"}],"predecessor-version":[{"id":41367,"href":"https:\/\/ecosdelsur.com\/index.php?rest_route=\/wp\/v2\/posts\/41365\/revisions\/41367"}],"wp:featuredmedia":[{"embeddable":true,"href":"https:\/\/ecosdelsur.com\/index.php?rest_route=\/wp\/v2\/media\/41366"}],"wp:attachment":[{"href":"https:\/\/ecosdelsur.com\/index.php?rest_route=%2Fwp%2Fv2%2Fmedia&parent=41365"}],"wp:term":[{"taxonomy":"category","embeddable":true,"href":"https:\/\/ecosdelsur.com\/index.php?rest_route=%2Fwp%2Fv2%2Fcategories&post=41365"},{"taxonomy":"post_tag","embeddable":true,"href":"https:\/\/ecosdelsur.com\/index.php?rest_route=%2Fwp%2Fv2%2Ftags&post=41365"}],"curies":[{"name":"wp","href":"https:\/\/api.w.org\/{rel}","templated":true}]}}