{"id":41362,"date":"2026-04-24T17:19:23","date_gmt":"2026-04-24T20:19:23","guid":{"rendered":"https:\/\/ecosdelsur.com\/?p=41362"},"modified":"2026-04-24T17:19:23","modified_gmt":"2026-04-24T20:19:23","slug":"canadon-seco-refuerza-su-agenda-comunitaria-con-actividades-gratuitas-de-salud-y-concientizacion","status":"publish","type":"post","link":"https:\/\/ecosdelsur.com\/?p=41362","title":{"rendered":"Ca\u00f1ad\u00f3n Seco refuerza su agenda comunitaria con actividades gratuitas de salud y concientizaci\u00f3n"},"content":{"rendered":"<p>Habr\u00e1 una jornada por el D\u00eda del Tai Chi y una nueva edici\u00f3n de la Expo Mascotas. Desde la comuna destacan el trabajo en pol\u00edticas p\u00fablicas orientadas al bienestar, la prevenci\u00f3n y la inclusi\u00f3n.<\/p>\n<p>Con una agenda enfocada en el bienestar comunitario y la inclusi\u00f3n, la comuna de Ca\u00f1ad\u00f3n Seco llevar\u00e1 adelante este fin de semana dos actividades abiertas y gratuitas destinadas a vecinos de toda la zona norte.<\/p>\n<p>En di\u00e1logo con el programa Ecos Noticias de Radio Ecos del Sur, la directora de Turismo y Medios, Andrea Vera, y la subdirectora de Salubridad y Ambiente, Fernanda Ch\u00e1vez, detallaron las propuestas y el enfoque de gesti\u00f3n en un contexto econ\u00f3mico complejo.<\/p>\n<p>\u201cEs un a\u00f1o muy dif\u00edcil, tanto para el pueblo como para la provincia y el pa\u00eds, pero se trata de gestionar dentro de lo que se puede, con actividades que promuevan la salud y la prevenci\u00f3n\u201d, se\u00f1al\u00f3 Vera.<\/p>\n<p>La primera de las actividades se desarrollar\u00e1 el s\u00e1bado 25 de abril, de 10 a 12 horas, en el auditorio comunal, en el marco del D\u00eda Internacional del Tai Chi. Se trata de un taller de bienestar gratuito, a cargo de la instructora Carina P\u00e9rez Parnisari, orientado principalmente a adultos mayores, aunque abierto a toda la comunidad.<\/p>\n<p>\u201cEl objetivo es promover espacios gratuitos de contenci\u00f3n y salud preventiva\u201d, explic\u00f3 Ch\u00e1vez, al tiempo que destac\u00f3 que este tipo de propuestas convoca tambi\u00e9n a vecinos de Caleta Olivia, Las Heras, Puerto Deseado y Pico Truncado, consolidando a la localidad como un punto de encuentro regional.<\/p>\n<p>En tanto, el domingo 26 de abril se realizar\u00e1 la tercera edici\u00f3n de la Expo Mascotas, en el marco del D\u00eda del Animal, con una propuesta integral que combina recreaci\u00f3n, servicios y concientizaci\u00f3n.<\/p>\n<p>La jornada comenzar\u00e1 a las 15 horas con una caminata junto a mascotas desde el polideportivo comunal, para luego dar paso a la expo, donde habr\u00e1 vacunaci\u00f3n antirr\u00e1bica, desparasitaci\u00f3n, stands, concursos de disfraces, circuitos de obst\u00e1culos y una charla sobre adiestramiento canino a cargo del especialista C\u00e9sar Reynoso.<\/p>\n<p>Adem\u00e1s, se presentar\u00e1 la Unidad Comunal de Asistencia Veterinaria (UCAV), un quir\u00f3fano m\u00f3vil que funciona con fondos comunales y realiza castraciones gratuitas los d\u00edas lunes, mi\u00e9rcoles y viernes, con turno previo.<\/p>\n<p>Desde el \u00e1rea de Ambiente tambi\u00e9n remarcaron la problem\u00e1tica del abandono animal, especialmente de cachorros y perras pre\u00f1adas, y destacaron el trabajo conjunto con vecinos y proteccionistas para dar respuesta a estas situaciones.<\/p>\n<p>\u201cTenemos muchas personas comprometidas que trabajan de forma solidaria, y desde la comuna acompa\u00f1amos con alimento y asistencia. Tambi\u00e9n contamos con una resoluci\u00f3n de tenencia responsable que permite generar hogares de contenci\u00f3n\u201d, explic\u00f3 Ch\u00e1vez.<\/p>\n<p>Ambas funcionarias coincidieron en que este tipo de pol\u00edticas p\u00fablicas buscan no s\u00f3lo brindar servicios, sino tambi\u00e9n generar comunidad. \u201cSon espacios que la gente espera, especialmente los chicos, que preguntan cu\u00e1ndo se hacen estas actividades\u201d, destacaron.<\/p>\n","protected":false},"excerpt":{"rendered":"<p>Habr\u00e1 una jornada por el D\u00eda del Tai Chi y una nueva edici\u00f3n de la Expo Mascotas. Desde la comuna<\/p>\n","protected":false},"author":8,"featured_media":41363,"comment_status":"open","ping_status":"closed","sticky":false,"template":"","format":"standard","meta":{"footnotes":""},"categories":[87],"tags":[737,1576],"class_list":["post-41362","post","type-post","status-publish","format-standard","has-post-thumbnail","hentry","category-provinciales","tag-actividades","tag-canadon-seco-comision-de-fomento"],"_links":{"self":[{"href":"https:\/\/ecosdelsur.com\/index.php?rest_route=\/wp\/v2\/posts\/41362","targetHints":{"allow":["GET"]}}],"collection":[{"href":"https:\/\/ecosdelsur.com\/index.php?rest_route=\/wp\/v2\/posts"}],"about":[{"href":"https:\/\/ecosdelsur.com\/index.php?rest_route=\/wp\/v2\/types\/post"}],"author":[{"embeddable":true,"href":"https:\/\/ecosdelsur.com\/index.php?rest_route=\/wp\/v2\/users\/8"}],"replies":[{"embeddable":true,"href":"https:\/\/ecosdelsur.com\/index.php?rest_route=%2Fwp%2Fv2%2Fcomments&post=41362"}],"version-history":[{"count":1,"href":"https:\/\/ecosdelsur.com\/index.php?rest_route=\/wp\/v2\/posts\/41362\/revisions"}],"predecessor-version":[{"id":41364,"href":"https:\/\/ecosdelsur.com\/index.php?rest_route=\/wp\/v2\/posts\/41362\/revisions\/41364"}],"wp:featuredmedia":[{"embeddable":true,"href":"https:\/\/ecosdelsur.com\/index.php?rest_route=\/wp\/v2\/media\/41363"}],"wp:attachment":[{"href":"https:\/\/ecosdelsur.com\/index.php?rest_route=%2Fwp%2Fv2%2Fmedia&parent=41362"}],"wp:term":[{"taxonomy":"category","embeddable":true,"href":"https:\/\/ecosdelsur.com\/index.php?rest_route=%2Fwp%2Fv2%2Fcategories&post=41362"},{"taxonomy":"post_tag","embeddable":true,"href":"https:\/\/ecosdelsur.com\/index.php?rest_route=%2Fwp%2Fv2%2Ftags&post=41362"}],"curies":[{"name":"wp","href":"https:\/\/api.w.org\/{rel}","templated":true}]}}