{"id":41349,"date":"2026-04-24T15:51:06","date_gmt":"2026-04-24T18:51:06","guid":{"rendered":"https:\/\/ecosdelsur.com\/?p=41349"},"modified":"2026-04-24T15:51:06","modified_gmt":"2026-04-24T18:51:06","slug":"grasso-anuncio-un-acuerdo-salarial-del-19-y-apunto-contra-nacion-y-provincia-gobernamos-solos-rio-gallegos","status":"publish","type":"post","link":"https:\/\/ecosdelsur.com\/?p=41349","title":{"rendered":"Grasso anunci\u00f3 un acuerdo salarial del 19% y apunt\u00f3 contra Naci\u00f3n y Provincia: \u201cGobernamos solos R\u00edo Gallegos\u201d"},"content":{"rendered":"<p>El intendente confirm\u00f3 el cierre de paritarias municipales con aumento acumulativo y cuestion\u00f3 la falta de acompa\u00f1amiento del Gobierno nacional y provincial. Tambi\u00e9n dej\u00f3 definiciones pol\u00edticas sobre la situaci\u00f3n econ\u00f3mica, el PJ santacruce\u00f1o y protagoniz\u00f3 un cruce en vivo con un dirigente.<\/p>\n<p>En una comunicaci\u00f3n telef\u00f3nica con La data en Ecos Noticias de Radio Ecos del Sur, el intendente de Pablo Grasso confirm\u00f3 el cierre de las paritarias municipales con un incremento salarial del 19% acordado con el sindicato municipal, en un contexto que defini\u00f3 como de fuerte complejidad econ\u00f3mica.<\/p>\n<p>El jefe comunal explic\u00f3 que el aumento comenz\u00f3 con un 10% inicial y que es de car\u00e1cter acumulativo. \u201cEl esfuerzo es muy grande. Es un aumento considerado, pero tenemos que seguir para no quedar atr\u00e1s del proceso inflacionario\u201d, sostuvo.<\/p>\n<p>En ese sentido, remarc\u00f3 que la decisi\u00f3n se tom\u00f3 sin acompa\u00f1amiento externo. \u201cNosotros gobernamos R\u00edo Gallegos solos. Ni Naci\u00f3n ni Provincia acompa\u00f1an el proceso de colaborar con nuestra ciudad\u201d, afirm\u00f3, al tiempo que destac\u00f3 la transparencia en la administraci\u00f3n de los recursos y la necesidad de comprometerse \u00fanicamente con medidas que puedan cumplirse.<\/p>\n<p>Grasso tambi\u00e9n cuestion\u00f3 la situaci\u00f3n financiera de la provincia de Santa Cruz, a la que describi\u00f3 como en \u201cshock\u201d, y critic\u00f3 la falta de asistencia hacia la capital provincial. \u201cSiempre nos regimos por la mesa paritaria provincial, pero no pudimos esperar m\u00e1s y avanzamos con nuestras propias paritarias municipales\u201d, explic\u00f3.<\/p>\n<p>En ese marco, invit\u00f3 al gobernador Claudio Vidal a convocar a una mesa de di\u00e1logo con los sindicatos y cuestion\u00f3 la distribuci\u00f3n de recursos. \u201cSi hay fondos para algunos sectores, deben distribuirse de manera equitativa en toda la provincia\u201d, plante\u00f3.<\/p>\n<p>El intendente defendi\u00f3 adem\u00e1s el rol del municipio en \u00e1reas clave como la asistencia alimentaria, el sostenimiento del transporte p\u00fablico, la obra p\u00fablica y el pago de aguinaldos. \u201cTodo lo hacemos solos, sin ayuda de nadie\u201d, insisti\u00f3.<\/p>\n<p>A nivel nacional, Grasso fue cr\u00edtico del rumbo econ\u00f3mico impulsado por el presidente Javier Milei. Se\u00f1al\u00f3 que existe una \u201cestrategia de ca\u00edda del consumo\u201d que afecta directamente a trabajadores, comercios y pymes. \u201cSi no se pone dinero para que circule, la cadena se rompe y el perjudicado es el laburante\u201d, advirti\u00f3.<\/p>\n<p>Tambi\u00e9n alert\u00f3 sobre el impacto de estas pol\u00edticas en sectores sensibles como la salud, la educaci\u00f3n y las personas con discapacidad. \u201cNo est\u00e1 bien quitarle derechos a la gente. Hay que pensar una provincia pujante y con desarrollo real\u201d, expres\u00f3.<\/p>\n<p>En materia productiva, el intendente cuestion\u00f3 la falta de un plan claro para el desarrollo de la industria, especialmente en relaci\u00f3n al petr\u00f3leo. \u201cSi no generamos ventajas, ser\u00e1 negocio para unos pocos y no habr\u00e1 empleo. Necesitamos saber cu\u00e1l ser\u00e1 la inversi\u00f3n real y c\u00f3mo se va a recuperar el trabajo\u201d, indic\u00f3.<\/p>\n<p>En el plano pol\u00edtico, Grasso hizo referencia al Congreso del PJ realizado en Caleta Olivia, donde se resolvieron expulsiones y suspensiones dentro del partido. \u201cSe termin\u00f3 el tiempo de los tibios. El que est\u00e1 en un lugar para defender a la gente, tiene que hacerlo\u201d, sostuvo, y asegur\u00f3 que buscan construir un peronismo \u201cm\u00e1s amplio y con ideales claros\u201d.<\/p>\n<p>Finalmente, la entrevista tuvo un momento de tensi\u00f3n cuando el dirigente Jairo Guzm\u00e1n intervino en la comunicaci\u00f3n para desmentir al intendente, generando un cruce en vivo. Grasso lo acus\u00f3 de mentir y lo desafi\u00f3 a \u201cmostrar pruebas\u201d, mientras que Guzm\u00e1n lo calific\u00f3 de \u201cmit\u00f3mano\u201d. El intercambio escal\u00f3 con acusaciones cruzadas y fuertes cr\u00edticas personales.<\/p>\n<p>Pese al conflicto, el intendente cerr\u00f3 con un mensaje pol\u00edtico: \u201cHay soluci\u00f3n, se puede cambiar la historia. Pero hay que tener propuestas y ordenar la provincia\u201d.<\/p>\n<p>Pod\u00e9s escucharlo ac\u00e1: https:\/\/www.facebook.com\/share\/v\/18i7MFa3eo\/<\/p>\n","protected":false},"excerpt":{"rendered":"<p>El intendente confirm\u00f3 el cierre de paritarias municipales con aumento acumulativo y cuestion\u00f3 la falta de acompa\u00f1amiento del Gobierno nacional<\/p>\n","protected":false},"author":8,"featured_media":41359,"comment_status":"open","ping_status":"closed","sticky":false,"template":"","format":"standard","meta":{"footnotes":""},"categories":[33],"tags":[511,1575,236,52],"class_list":["post-41349","post","type-post","status-publish","format-standard","has-post-thumbnail","hentry","category-politica","tag-pablo-grasso","tag-paritaria-municipal","tag-politica","tag-rio-gallegos"],"_links":{"self":[{"href":"https:\/\/ecosdelsur.com\/index.php?rest_route=\/wp\/v2\/posts\/41349","targetHints":{"allow":["GET"]}}],"collection":[{"href":"https:\/\/ecosdelsur.com\/index.php?rest_route=\/wp\/v2\/posts"}],"about":[{"href":"https:\/\/ecosdelsur.com\/index.php?rest_route=\/wp\/v2\/types\/post"}],"author":[{"embeddable":true,"href":"https:\/\/ecosdelsur.com\/index.php?rest_route=\/wp\/v2\/users\/8"}],"replies":[{"embeddable":true,"href":"https:\/\/ecosdelsur.com\/index.php?rest_route=%2Fwp%2Fv2%2Fcomments&post=41349"}],"version-history":[{"count":1,"href":"https:\/\/ecosdelsur.com\/index.php?rest_route=\/wp\/v2\/posts\/41349\/revisions"}],"predecessor-version":[{"id":41360,"href":"https:\/\/ecosdelsur.com\/index.php?rest_route=\/wp\/v2\/posts\/41349\/revisions\/41360"}],"wp:featuredmedia":[{"embeddable":true,"href":"https:\/\/ecosdelsur.com\/index.php?rest_route=\/wp\/v2\/media\/41359"}],"wp:attachment":[{"href":"https:\/\/ecosdelsur.com\/index.php?rest_route=%2Fwp%2Fv2%2Fmedia&parent=41349"}],"wp:term":[{"taxonomy":"category","embeddable":true,"href":"https:\/\/ecosdelsur.com\/index.php?rest_route=%2Fwp%2Fv2%2Fcategories&post=41349"},{"taxonomy":"post_tag","embeddable":true,"href":"https:\/\/ecosdelsur.com\/index.php?rest_route=%2Fwp%2Fv2%2Ftags&post=41349"}],"curies":[{"name":"wp","href":"https:\/\/api.w.org\/{rel}","templated":true}]}}