{"id":41348,"date":"2026-04-24T15:53:32","date_gmt":"2026-04-24T18:53:32","guid":{"rendered":"https:\/\/ecosdelsur.com\/?p=41348"},"modified":"2026-04-24T15:54:00","modified_gmt":"2026-04-24T18:54:00","slug":"caleta-olivia-vivira-espectacular-festival-de-boxeo-con-amplia-participacion-regional","status":"publish","type":"post","link":"https:\/\/ecosdelsur.com\/?p=41348","title":{"rendered":"Caleta Olivia  vivir\u00e1 espectacular  Festival de boxeo con amplia participaci\u00f3n regional"},"content":{"rendered":"<div class=\"itemToolbar2\">\n<p><span class=\"itemDateCreated\" style=\"color: #ff0000;\">Jueves, 23 Abril 2026 .- <\/span>La Municipalidad de Caleta Olivia, a trav\u00e9s de la Secretar\u00eda de Cultura, Deportes y Juventud, concretar\u00e1, este viernes 24 de abril, un festival de boxeo en el gimnasio Enrique Mosconi, con la participaci\u00f3n de boxeadores locales y de localidades vecinas.<img decoding=\"async\" class=\"alignnone size-full wp-image-41352 lazyload\" data-src=\"https:\/\/ecosdelsur.com\/wp-content\/uploads\/2026\/04\/DSC_6600.jpg\" alt=\"\" width=\"1024\" height=\"637\" data-srcset=\"https:\/\/ecosdelsur.com\/wp-content\/uploads\/2026\/04\/DSC_6600.jpg 1024w, https:\/\/ecosdelsur.com\/wp-content\/uploads\/2026\/04\/DSC_6600-300x187.jpg 300w, https:\/\/ecosdelsur.com\/wp-content\/uploads\/2026\/04\/DSC_6600-768x478.jpg 768w\" data-sizes=\"(max-width: 1024px) 100vw, 1024px\" src=\"data:image\/svg+xml;base64,PHN2ZyB3aWR0aD0iMSIgaGVpZ2h0PSIxIiB4bWxucz0iaHR0cDovL3d3dy53My5vcmcvMjAwMC9zdmciPjwvc3ZnPg==\" style=\"--smush-placeholder-width: 1024px; --smush-placeholder-aspect-ratio: 1024\/637;\" \/><\/p>\n<\/div>\n<p>El evento es organizado por la Escuela Municipal \u201cTigre C\u00e1rdenas\u201d, a cargo de Daniel Chazarreta, y tendr\u00e1 un cronograma que permitir\u00e1 a los pugilistas mostrar su t\u00e9cnica y habilidades.<img decoding=\"async\" class=\"alignnone size-full wp-image-41355 lazyload\" data-src=\"https:\/\/ecosdelsur.com\/wp-content\/uploads\/2026\/04\/DSC_6618.jpg\" alt=\"\" width=\"1024\" height=\"683\" data-srcset=\"https:\/\/ecosdelsur.com\/wp-content\/uploads\/2026\/04\/DSC_6618.jpg 1024w, https:\/\/ecosdelsur.com\/wp-content\/uploads\/2026\/04\/DSC_6618-300x200.jpg 300w, https:\/\/ecosdelsur.com\/wp-content\/uploads\/2026\/04\/DSC_6618-768x512.jpg 768w\" data-sizes=\"(max-width: 1024px) 100vw, 1024px\" src=\"data:image\/svg+xml;base64,PHN2ZyB3aWR0aD0iMSIgaGVpZ2h0PSIxIiB4bWxucz0iaHR0cDovL3d3dy53My5vcmcvMjAwMC9zdmciPjwvc3ZnPg==\" style=\"--smush-placeholder-width: 1024px; --smush-placeholder-aspect-ratio: 1024\/683;\" \/><\/p>\n<p>\u201cVamos a estar preparados para ganar y esperamos que sea un d\u00eda muy bueno para todos los boxeadores\u201d, expres\u00f3 Daniel Chazarreta.<img decoding=\"async\" class=\"alignnone size-full wp-image-41358 lazyload\" data-src=\"https:\/\/ecosdelsur.com\/wp-content\/uploads\/2026\/04\/DSC_6641.jpg\" alt=\"\" width=\"1024\" height=\"629\" data-srcset=\"https:\/\/ecosdelsur.com\/wp-content\/uploads\/2026\/04\/DSC_6641.jpg 1024w, https:\/\/ecosdelsur.com\/wp-content\/uploads\/2026\/04\/DSC_6641-300x184.jpg 300w, https:\/\/ecosdelsur.com\/wp-content\/uploads\/2026\/04\/DSC_6641-768x472.jpg 768w\" data-sizes=\"(max-width: 1024px) 100vw, 1024px\" src=\"data:image\/svg+xml;base64,PHN2ZyB3aWR0aD0iMSIgaGVpZ2h0PSIxIiB4bWxucz0iaHR0cDovL3d3dy53My5vcmcvMjAwMC9zdmciPjwvc3ZnPg==\" style=\"--smush-placeholder-width: 1024px; --smush-placeholder-aspect-ratio: 1024\/629;\" \/><\/p>\n<p>El subsecretario de Deportes, Abel Ayala, destac\u00f3 la organizaci\u00f3n del encuentro y se\u00f1al\u00f3: \u201cEstamos muy contentos de poder ofrecer a la comunidad eventos deportivos de calidad, donde los j\u00f3venes puedan demostrar su talento y los vecinos disfrutar de la actividad\u201d.<img decoding=\"async\" class=\"alignnone size-full wp-image-41350 lazyload\" data-src=\"https:\/\/ecosdelsur.com\/wp-content\/uploads\/2026\/04\/DSC_6496.jpg\" alt=\"\" width=\"1024\" height=\"657\" data-srcset=\"https:\/\/ecosdelsur.com\/wp-content\/uploads\/2026\/04\/DSC_6496.jpg 1024w, https:\/\/ecosdelsur.com\/wp-content\/uploads\/2026\/04\/DSC_6496-300x192.jpg 300w, https:\/\/ecosdelsur.com\/wp-content\/uploads\/2026\/04\/DSC_6496-768x493.jpg 768w\" data-sizes=\"(max-width: 1024px) 100vw, 1024px\" src=\"data:image\/svg+xml;base64,PHN2ZyB3aWR0aD0iMSIgaGVpZ2h0PSIxIiB4bWxucz0iaHR0cDovL3d3dy53My5vcmcvMjAwMC9zdmciPjwvc3ZnPg==\" style=\"--smush-placeholder-width: 1024px; --smush-placeholder-aspect-ratio: 1024\/657;\" \/><\/p>\n","protected":false},"excerpt":{"rendered":"<p>Jueves, 23 Abril 2026 .- La Municipalidad de Caleta Olivia, a trav\u00e9s de la Secretar\u00eda de Cultura, Deportes y Juventud,<\/p>\n","protected":false},"author":8,"featured_media":41351,"comment_status":"open","ping_status":"closed","sticky":false,"template":"","format":"standard","meta":{"footnotes":""},"categories":[37],"tags":[],"class_list":["post-41348","post","type-post","status-publish","format-standard","has-post-thumbnail","hentry","category-deportes"],"_links":{"self":[{"href":"https:\/\/ecosdelsur.com\/index.php?rest_route=\/wp\/v2\/posts\/41348","targetHints":{"allow":["GET"]}}],"collection":[{"href":"https:\/\/ecosdelsur.com\/index.php?rest_route=\/wp\/v2\/posts"}],"about":[{"href":"https:\/\/ecosdelsur.com\/index.php?rest_route=\/wp\/v2\/types\/post"}],"author":[{"embeddable":true,"href":"https:\/\/ecosdelsur.com\/index.php?rest_route=\/wp\/v2\/users\/8"}],"replies":[{"embeddable":true,"href":"https:\/\/ecosdelsur.com\/index.php?rest_route=%2Fwp%2Fv2%2Fcomments&post=41348"}],"version-history":[{"count":1,"href":"https:\/\/ecosdelsur.com\/index.php?rest_route=\/wp\/v2\/posts\/41348\/revisions"}],"predecessor-version":[{"id":41361,"href":"https:\/\/ecosdelsur.com\/index.php?rest_route=\/wp\/v2\/posts\/41348\/revisions\/41361"}],"wp:featuredmedia":[{"embeddable":true,"href":"https:\/\/ecosdelsur.com\/index.php?rest_route=\/wp\/v2\/media\/41351"}],"wp:attachment":[{"href":"https:\/\/ecosdelsur.com\/index.php?rest_route=%2Fwp%2Fv2%2Fmedia&parent=41348"}],"wp:term":[{"taxonomy":"category","embeddable":true,"href":"https:\/\/ecosdelsur.com\/index.php?rest_route=%2Fwp%2Fv2%2Fcategories&post=41348"},{"taxonomy":"post_tag","embeddable":true,"href":"https:\/\/ecosdelsur.com\/index.php?rest_route=%2Fwp%2Fv2%2Ftags&post=41348"}],"curies":[{"name":"wp","href":"https:\/\/api.w.org\/{rel}","templated":true}]}}