{"id":41345,"date":"2026-04-24T14:41:59","date_gmt":"2026-04-24T17:41:59","guid":{"rendered":"https:\/\/ecosdelsur.com\/?p=41345"},"modified":"2026-04-24T14:41:59","modified_gmt":"2026-04-24T17:41:59","slug":"guzman-la-situacion-en-santa-cruz-es-critica-y-va-a-seguir-empeorando","status":"publish","type":"post","link":"https:\/\/ecosdelsur.com\/?p=41345","title":{"rendered":"Guzm\u00e1n: \u201cLa situaci\u00f3n en Santa Cruz es cr\u00edtica y va a seguir empeorando\u201d"},"content":{"rendered":"<p>El diputado nacional cuestion\u00f3 con dureza al Gobierno provincial, habl\u00f3 de falta de gesti\u00f3n, critic\u00f3 el uso de fondos p\u00fablicos y advirti\u00f3 sobre un escenario econ\u00f3mico y social cada vez m\u00e1s complejo.<\/p>\n<p>El diputado nacional por Santa Cruz, Jairo Guzm\u00e1n, traz\u00f3 un duro diagn\u00f3stico sobre la situaci\u00f3n econ\u00f3mica y social de la provincia y apunt\u00f3 directamente contra el Gobierno provincial, al que acus\u00f3 de \u201cmirar para otro lado\u201d frente a la crisis que atraviesan los trabajadores.<\/p>\n<p>En di\u00e1logo con el programa La Data de Radio Ecos del Sur de Caleta Olivia, el legislador sostuvo que el escenario actual es \u201cmuy cr\u00edtico\u201d en todos los organismos p\u00fablicos y advirti\u00f3 que no vislumbra una mejora en el corto plazo.<\/p>\n<p>\u201cLa situaci\u00f3n es muy cr\u00edtica a nivel de todos los organismos p\u00fablicos. Se ha ido deteriorando todo y no veo que esto pueda mejorar, sino que va a seguir empeorando\u201d, afirm\u00f3.<\/p>\n<p>Cr\u00edticas a la gesti\u00f3n y falta de respuestas<\/p>\n<p>Guzm\u00e1n cuestion\u00f3 la falta de acci\u00f3n del Ejecutivo provincial durante los primeros a\u00f1os de gesti\u00f3n y asegur\u00f3 que no existen herramientas para revertir la situaci\u00f3n actual.<\/p>\n<p>\u201cSe han pasado m\u00e1s de dos a\u00f1os de gobierno donde no han hecho absolutamente nada. Ahora se dan cuenta de que la situaci\u00f3n es cr\u00edtica, pero ya es tarde y no tienen herramientas para solucionarlo\u201d, sostuvo.<\/p>\n<p>Adem\u00e1s, critic\u00f3 el manejo de los recursos p\u00fablicos y denunci\u00f3 que existen decisiones orientadas a beneficiar intereses particulares.<\/p>\n<p>\u201cSe siguen haciendo contratos a medida y licitaciones para empresas amigas, mientras se olvidan de gestionar para lo que la gente los vot\u00f3\u201d, expres\u00f3.<\/p>\n<p>Telemedicina y cuestionamientos internos<\/p>\n<p>El diputado tambi\u00e9n se refiri\u00f3 a la pol\u00e9mica en torno a un proyecto de telemedicina impulsado por el Gobierno provincial, que gener\u00f3 cuestionamientos incluso dentro del propio oficialismo.<\/p>\n<p>Seg\u00fan se\u00f1al\u00f3, el intento de avanzar con una licitaci\u00f3n millonaria evidenci\u00f3 irregularidades y falta de transparencia.<\/p>\n<p>\u201cLo armaron a prop\u00f3sito. No fue casualidad. Estamos hablando de funcionarios con v\u00ednculos directos en empresas que quer\u00edan participar. Reci\u00e9n cuando la situaci\u00f3n se hizo p\u00fablica, salieron a decir que era incompatible\u201d, indic\u00f3.<\/p>\n<p>Reclamo por el ajuste del gasto p\u00fablico<\/p>\n<p>En otro tramo de la entrevista, Guzm\u00e1n plante\u00f3 la necesidad de avanzar en reformas estructurales en \u00e1reas clave como salud, educaci\u00f3n y seguridad, adem\u00e1s de reducir el gasto pol\u00edtico.<\/p>\n<p>\u201cHay que achicar el gasto en pauta publicitaria, en asesores y en cargos pol\u00edticos. No se puede hablar de emergencia econ\u00f3mica y seguir nombrando funcionarios\u201d, cuestion\u00f3.<\/p>\n<p>Fondos, empresas y modelo econ\u00f3mico<\/p>\n<p>El legislador tambi\u00e9n critic\u00f3 el uso de fondos como los provenientes del esquema UNIRSE, se\u00f1alando que se destinan a fines pol\u00edticos en lugar de su objetivo original.<\/p>\n<p>Asimismo, apunt\u00f3 contra el modelo econ\u00f3mico provincial y responsabiliz\u00f3 al kirchnerismo por la situaci\u00f3n actual.<\/p>\n<p>\u201cEl modelo econ\u00f3mico que se instal\u00f3 en Santa Cruz est\u00e1 destinado al fracaso. Si no generamos condiciones para que vengan empresas e industrias, esto no va a cambiar\u201d, afirm\u00f3.<\/p>\n<p>YPF, sindicatos y desarrollo<\/p>\n<p>En relaci\u00f3n al sector hidrocarbur\u00edfero, Guzm\u00e1n consider\u00f3 que la salida de empresas como YPF responde a las condiciones impuestas en la provincia.<\/p>\n<p>\u201cSe utiliz\u00f3 pol\u00edticamente a YPF. Se la obligaba a sostener estructuras sobredimensionadas. As\u00ed no funciona ninguna empresa\u201d, se\u00f1al\u00f3.<\/p>\n<p>Tambi\u00e9n fue cr\u00edtico con el rol de algunos sectores gremiales.<\/p>\n<p>\u201cHay gremios que han hecho todo lo posible para echar a las empresas. Terminan perjudicando al trabajador\u201d, asegur\u00f3.<\/p>\n<p>Servicios p\u00fablicos y situaci\u00f3n estructural<\/p>\n<p>Otro de los puntos abordados fue la situaci\u00f3n de la empresa Servicios P\u00fablicos Sociedad del Estado, a la que calific\u00f3 como \u201cinviable\u201d.<\/p>\n<p>\u201cSe utiliz\u00f3 como caja pol\u00edtica y no como una empresa de servicios. Hay que definir qu\u00e9 se quiere hacer, porque as\u00ed no funciona\u201d, remarc\u00f3.<\/p>\n<p>Rutas, peajes y presi\u00f3n impositiva<\/p>\n<p>Finalmente, el diputado cuestion\u00f3 la falta de proyectos concretos en torno a la implementaci\u00f3n de peajes y critic\u00f3 nuevas medidas de control que impactan en los ciudadanos.<\/p>\n<p>\u201cQuieren salir a cobrar multas en rutas provinciales y nacionales. Es una muestra m\u00e1s de falta de gesti\u00f3n y de seguir sac\u00e1ndole dinero al bolsillo de los santacruce\u00f1os\u201d, concluy\u00f3.<\/p>\n","protected":false},"excerpt":{"rendered":"<p>El diputado nacional cuestion\u00f3 con dureza al Gobierno provincial, habl\u00f3 de falta de gesti\u00f3n, critic\u00f3 el uso de fondos p\u00fablicos<\/p>\n","protected":false},"author":8,"featured_media":41346,"comment_status":"open","ping_status":"closed","sticky":false,"template":"","format":"standard","meta":{"footnotes":""},"categories":[33],"tags":[1574,712,236,48],"class_list":["post-41345","post","type-post","status-publish","format-standard","has-post-thumbnail","hentry","category-politica","tag-diputado-lla","tag-jairo-guzman","tag-politica","tag-santa-cruz"],"_links":{"self":[{"href":"https:\/\/ecosdelsur.com\/index.php?rest_route=\/wp\/v2\/posts\/41345","targetHints":{"allow":["GET"]}}],"collection":[{"href":"https:\/\/ecosdelsur.com\/index.php?rest_route=\/wp\/v2\/posts"}],"about":[{"href":"https:\/\/ecosdelsur.com\/index.php?rest_route=\/wp\/v2\/types\/post"}],"author":[{"embeddable":true,"href":"https:\/\/ecosdelsur.com\/index.php?rest_route=\/wp\/v2\/users\/8"}],"replies":[{"embeddable":true,"href":"https:\/\/ecosdelsur.com\/index.php?rest_route=%2Fwp%2Fv2%2Fcomments&post=41345"}],"version-history":[{"count":1,"href":"https:\/\/ecosdelsur.com\/index.php?rest_route=\/wp\/v2\/posts\/41345\/revisions"}],"predecessor-version":[{"id":41347,"href":"https:\/\/ecosdelsur.com\/index.php?rest_route=\/wp\/v2\/posts\/41345\/revisions\/41347"}],"wp:featuredmedia":[{"embeddable":true,"href":"https:\/\/ecosdelsur.com\/index.php?rest_route=\/wp\/v2\/media\/41346"}],"wp:attachment":[{"href":"https:\/\/ecosdelsur.com\/index.php?rest_route=%2Fwp%2Fv2%2Fmedia&parent=41345"}],"wp:term":[{"taxonomy":"category","embeddable":true,"href":"https:\/\/ecosdelsur.com\/index.php?rest_route=%2Fwp%2Fv2%2Fcategories&post=41345"},{"taxonomy":"post_tag","embeddable":true,"href":"https:\/\/ecosdelsur.com\/index.php?rest_route=%2Fwp%2Fv2%2Ftags&post=41345"}],"curies":[{"name":"wp","href":"https:\/\/api.w.org\/{rel}","templated":true}]}}