{"id":39802,"date":"2026-02-25T16:30:35","date_gmt":"2026-02-25T19:30:35","guid":{"rendered":"https:\/\/ecosdelsur.com\/?p=39802"},"modified":"2026-02-25T16:53:21","modified_gmt":"2026-02-25T19:53:21","slug":"agrupaciones-justicialistas-entregaron-kits-escolares","status":"publish","type":"post","link":"https:\/\/ecosdelsur.com\/?p=39802","title":{"rendered":"Agrupaciones justicialistas entregaron kits escolares"},"content":{"rendered":"<div class=\"itemToolbar2\">\n<p><span class=\"itemDateCreated\" style=\"color: #ff0000;\">Martes, 24 Febrero 2026 &#8211; <\/span>El equipo de trabajo del concejal Carlos Aparicio entreg\u00f3 el lunes kits escolares para ni\u00f1os y ni\u00f1as que pertenecen familias de bajos recursos de Caleta Olivia.<img decoding=\"async\" class=\"alignnone size-full wp-image-39803 lazyload\" data-src=\"https:\/\/ecosdelsur.com\/wp-content\/uploads\/2026\/02\/apa.jpg\" alt=\"\" width=\"951\" height=\"637\" data-srcset=\"https:\/\/ecosdelsur.com\/wp-content\/uploads\/2026\/02\/apa.jpg 951w, https:\/\/ecosdelsur.com\/wp-content\/uploads\/2026\/02\/apa-300x201.jpg 300w, https:\/\/ecosdelsur.com\/wp-content\/uploads\/2026\/02\/apa-768x514.jpg 768w\" data-sizes=\"(max-width: 951px) 100vw, 951px\" src=\"data:image\/svg+xml;base64,PHN2ZyB3aWR0aD0iMSIgaGVpZ2h0PSIxIiB4bWxucz0iaHR0cDovL3d3dy53My5vcmcvMjAwMC9zdmciPjwvc3ZnPg==\" style=\"--smush-placeholder-width: 951px; --smush-placeholder-aspect-ratio: 951\/637;\" \/><\/p>\n<\/div>\n<p>La entrega fue producto de una campa\u00f1a solidaria que cont\u00f3 con el acompa\u00f1amiento de las agrupaciones justicialistas Bases, Generaci\u00f3n Patri\u00f3tica y Acci\u00f3n Ciudadana<\/p>\n<p>\u201cSabemos el esfuerzo que significa empezar las clases y por eso decidimos estar presentes y acompa\u00f1ar\u201d, expres\u00f3 el concejal Carlos Aparicio, indicando que durante la campa\u00f1a que extendi\u00f3 por varias semanas se lograron conformar m\u00e1s de 60 kits escolares.<img decoding=\"async\" class=\"alignnone size-full wp-image-39805 lazyload\" data-src=\"https:\/\/ecosdelsur.com\/wp-content\/uploads\/2026\/02\/apa3.jpg\" alt=\"\" width=\"949\" height=\"621\" data-srcset=\"https:\/\/ecosdelsur.com\/wp-content\/uploads\/2026\/02\/apa3.jpg 949w, https:\/\/ecosdelsur.com\/wp-content\/uploads\/2026\/02\/apa3-300x196.jpg 300w, https:\/\/ecosdelsur.com\/wp-content\/uploads\/2026\/02\/apa3-768x503.jpg 768w\" data-sizes=\"(max-width: 949px) 100vw, 949px\" src=\"data:image\/svg+xml;base64,PHN2ZyB3aWR0aD0iMSIgaGVpZ2h0PSIxIiB4bWxucz0iaHR0cDovL3d3dy53My5vcmcvMjAwMC9zdmciPjwvc3ZnPg==\" style=\"--smush-placeholder-width: 949px; --smush-placeholder-aspect-ratio: 949\/621;\" \/><\/p>\n<p>La demanda fue importante y dej\u00f3 en evidencia la necesidad de muchas familias de contar con apoyo para afrontar los gastos que implica el inicio de clases.<\/p>\n<p>Los kits entregados incluyeron elementos b\u00e1sicos como \u00fatiles, mochilas y guardapolvos para que las y los estudiantes puedan comenzar el a\u00f1o con lo necesario.<\/p>\n<p>\u201cLa respuesta de la comunidad fue muy importante. Much\u00edsima gente se acerc\u00f3 a colaborar y eso nos permiti\u00f3 acompa\u00f1ar a muchas familias que realmente lo necesitaban\u201d, destac\u00f3 el edil, valorando tambi\u00e9n el compromiso de quienes participaron tanto en las jornadas de recolecci\u00f3n como en la organizaci\u00f3n de la entrega.<\/p>\n<p>CORTE DE CABELLO<\/p>\n<p>Como parte de las acciones vinculadas al inicio de clases, se hizo saber que ma\u00f1ana mi\u00e9rcoles y el viernes, de 15:00 a 17:30, se realizar\u00e1n cortes de cabello de manera gratuida para para ni\u00f1os, ni\u00f1as y j\u00f3venes en el local de la agrupaci\u00f3n, (Avenida Eva Per\u00f3n 1186).<\/p>\n<p>\u201cVamos a seguir trabajando cerca de las familias de Caleta Olivia. En este contexto creemos que es importante estar y acompa\u00f1ar\u201d, manifest\u00f3 Aparicio<\/p>\n","protected":false},"excerpt":{"rendered":"<p>Martes, 24 Febrero 2026 &#8211; El equipo de trabajo del concejal Carlos Aparicio entreg\u00f3 el lunes kits escolares para ni\u00f1os<\/p>\n","protected":false},"author":8,"featured_media":39804,"comment_status":"open","ping_status":"closed","sticky":false,"template":"","format":"standard","meta":{"footnotes":""},"categories":[33],"tags":[],"class_list":["post-39802","post","type-post","status-publish","format-standard","has-post-thumbnail","hentry","category-politica"],"_links":{"self":[{"href":"https:\/\/ecosdelsur.com\/index.php?rest_route=\/wp\/v2\/posts\/39802","targetHints":{"allow":["GET"]}}],"collection":[{"href":"https:\/\/ecosdelsur.com\/index.php?rest_route=\/wp\/v2\/posts"}],"about":[{"href":"https:\/\/ecosdelsur.com\/index.php?rest_route=\/wp\/v2\/types\/post"}],"author":[{"embeddable":true,"href":"https:\/\/ecosdelsur.com\/index.php?rest_route=\/wp\/v2\/users\/8"}],"replies":[{"embeddable":true,"href":"https:\/\/ecosdelsur.com\/index.php?rest_route=%2Fwp%2Fv2%2Fcomments&post=39802"}],"version-history":[{"count":1,"href":"https:\/\/ecosdelsur.com\/index.php?rest_route=\/wp\/v2\/posts\/39802\/revisions"}],"predecessor-version":[{"id":39806,"href":"https:\/\/ecosdelsur.com\/index.php?rest_route=\/wp\/v2\/posts\/39802\/revisions\/39806"}],"wp:featuredmedia":[{"embeddable":true,"href":"https:\/\/ecosdelsur.com\/index.php?rest_route=\/wp\/v2\/media\/39804"}],"wp:attachment":[{"href":"https:\/\/ecosdelsur.com\/index.php?rest_route=%2Fwp%2Fv2%2Fmedia&parent=39802"}],"wp:term":[{"taxonomy":"category","embeddable":true,"href":"https:\/\/ecosdelsur.com\/index.php?rest_route=%2Fwp%2Fv2%2Fcategories&post=39802"},{"taxonomy":"post_tag","embeddable":true,"href":"https:\/\/ecosdelsur.com\/index.php?rest_route=%2Fwp%2Fv2%2Ftags&post=39802"}],"curies":[{"name":"wp","href":"https:\/\/api.w.org\/{rel}","templated":true}]}}