{"id":39795,"date":"2026-02-25T09:48:54","date_gmt":"2026-02-25T12:48:54","guid":{"rendered":"https:\/\/ecosdelsur.com\/?p=39795"},"modified":"2026-02-25T09:49:13","modified_gmt":"2026-02-25T12:49:13","slug":"el-gobernador-claudio-vidal-ya-se-encuentra-en-cerro-negro-acompanando-la-presentacion-del-plan-de-inversiones","status":"publish","type":"post","link":"https:\/\/ecosdelsur.com\/?p=39795","title":{"rendered":"El Gobernador Claudio Vidal ya se encuentra en Cerro Negro, acompa\u00f1ando la presentaci\u00f3n del plan de inversiones"},"content":{"rendered":"<div class=\"itemToolbar2\">\n<div class=\"itemToolbar2\">\n<p><span class=\"itemDateCreated\" style=\"color: #ff0000;\">Martes, 24 Febrero 2026 &#8211; <\/span>El gobernador Claudio Vidal ya se encuentra en las instalaciones de la minera Cerro Negro junto al intendente de Perito Moreno, Mat\u00edas Treppo; el ministro de Energ\u00eda y Miner\u00eda, Jaime \u00c1lvarez; la ministra de la Producci\u00f3n, Comercio e Industria, Nadia Ricci, el ministro de Trabajo, Juan Mata; y el diputado Cristian Ojeda, donde la empresa lleva adelante la presentaci\u00f3n de un informe detallado sobre su actividad productiva y el plan de inversiones proyectando la vida util m\u00e1s all\u00e1 del a\u00f1o 2035.<img decoding=\"async\" class=\"alignnone size-full wp-image-39799 lazyload\" data-src=\"https:\/\/ecosdelsur.com\/wp-content\/uploads\/2026\/02\/WhatsApp_Image_2026-02-24_at_14.24.23.jpeg\" alt=\"\" width=\"1024\" height=\"614\" data-srcset=\"https:\/\/ecosdelsur.com\/wp-content\/uploads\/2026\/02\/WhatsApp_Image_2026-02-24_at_14.24.23.jpeg 1024w, https:\/\/ecosdelsur.com\/wp-content\/uploads\/2026\/02\/WhatsApp_Image_2026-02-24_at_14.24.23-300x180.jpeg 300w, https:\/\/ecosdelsur.com\/wp-content\/uploads\/2026\/02\/WhatsApp_Image_2026-02-24_at_14.24.23-768x461.jpeg 768w\" data-sizes=\"(max-width: 1024px) 100vw, 1024px\" src=\"data:image\/svg+xml;base64,PHN2ZyB3aWR0aD0iMSIgaGVpZ2h0PSIxIiB4bWxucz0iaHR0cDovL3d3dy53My5vcmcvMjAwMC9zdmciPjwvc3ZnPg==\" style=\"--smush-placeholder-width: 1024px; --smush-placeholder-aspect-ratio: 1024\/614;\" \/><\/p>\n<\/div>\n<\/div>\n<div class=\"itemFullText\">\n<p>La exposici\u00f3n incluye los niveles actuales de producci\u00f3n, los proyectos en ejecuci\u00f3n y las perspectivas de crecimiento para los pr\u00f3ximos a\u00f1os, en una instancia clave para el fortalecimiento de la actividad minera y el desarrollo econ\u00f3mico de la regi\u00f3n.<\/p>\n<p>Cerca de las 12 de la ma\u00f1ana, el Gobernador junto a la empresa Newmont realizar\u00e1 importantes anuncios vinculados al presente y futuro de la actividad, que tendr\u00e1n impacto en la producci\u00f3n, el empleo y el desarrollo de la regi\u00f3n.<\/p>\n<p>La presencia del mandatario provincial y su equipo de gobierno reafirma el acompa\u00f1amiento del Gobierno de Santa Cruz a cada iniciativa que promueva la generaci\u00f3n de empleo, el trabajo de proveedores locales y la planificaci\u00f3n sostenida de la producci\u00f3n, pilares centrales para el crecimiento de la provincia.<\/p>\n<\/div>\n","protected":false},"excerpt":{"rendered":"<p>Martes, 24 Febrero 2026 &#8211; El gobernador Claudio Vidal ya se encuentra en las instalaciones de la minera Cerro Negro<\/p>\n","protected":false},"author":8,"featured_media":39798,"comment_status":"open","ping_status":"closed","sticky":false,"template":"","format":"standard","meta":{"footnotes":""},"categories":[87],"tags":[],"class_list":["post-39795","post","type-post","status-publish","format-standard","has-post-thumbnail","hentry","category-provinciales"],"_links":{"self":[{"href":"https:\/\/ecosdelsur.com\/index.php?rest_route=\/wp\/v2\/posts\/39795","targetHints":{"allow":["GET"]}}],"collection":[{"href":"https:\/\/ecosdelsur.com\/index.php?rest_route=\/wp\/v2\/posts"}],"about":[{"href":"https:\/\/ecosdelsur.com\/index.php?rest_route=\/wp\/v2\/types\/post"}],"author":[{"embeddable":true,"href":"https:\/\/ecosdelsur.com\/index.php?rest_route=\/wp\/v2\/users\/8"}],"replies":[{"embeddable":true,"href":"https:\/\/ecosdelsur.com\/index.php?rest_route=%2Fwp%2Fv2%2Fcomments&post=39795"}],"version-history":[{"count":1,"href":"https:\/\/ecosdelsur.com\/index.php?rest_route=\/wp\/v2\/posts\/39795\/revisions"}],"predecessor-version":[{"id":39800,"href":"https:\/\/ecosdelsur.com\/index.php?rest_route=\/wp\/v2\/posts\/39795\/revisions\/39800"}],"wp:featuredmedia":[{"embeddable":true,"href":"https:\/\/ecosdelsur.com\/index.php?rest_route=\/wp\/v2\/media\/39798"}],"wp:attachment":[{"href":"https:\/\/ecosdelsur.com\/index.php?rest_route=%2Fwp%2Fv2%2Fmedia&parent=39795"}],"wp:term":[{"taxonomy":"category","embeddable":true,"href":"https:\/\/ecosdelsur.com\/index.php?rest_route=%2Fwp%2Fv2%2Fcategories&post=39795"},{"taxonomy":"post_tag","embeddable":true,"href":"https:\/\/ecosdelsur.com\/index.php?rest_route=%2Fwp%2Fv2%2Ftags&post=39795"}],"curies":[{"name":"wp","href":"https:\/\/api.w.org\/{rel}","templated":true}]}}