{"id":39392,"date":"2026-02-09T10:00:33","date_gmt":"2026-02-09T13:00:33","guid":{"rendered":"https:\/\/ecosdelsur.com\/?p=39392"},"modified":"2026-02-09T10:00:33","modified_gmt":"2026-02-09T13:00:33","slug":"con-la-recuperacion-del-espacio-comienzan-las-actividades-en-el-centro-comunitario-del-2-de-abril","status":"publish","type":"post","link":"https:\/\/ecosdelsur.com\/?p=39392","title":{"rendered":"Con la recuperaci\u00f3n del espacio, comienzan las actividades en el Centro Comunitario del 2 de Abril"},"content":{"rendered":"<p>El municipio avanza con trabajos de refacci\u00f3n y puesta en valor del Centro Comunitario del barrio 2 de Abril, un espacio hist\u00f3rico que ser\u00e1 destinado a talleres sociales, culturales y actividades inclusivas para la comunidad.<\/p>\n<p>En di\u00e1logo con Ecos del Sur, el Lic. en Psicolog\u00eda, Felipe Zabala, subsecretario de Pol\u00edticas Institucionales, destac\u00f3 que el lugar forma parte del trabajo articulado con el Centro Integral de la Mujer y la Familia (CIM), que funciona tanto en la sede ubicada sobre calle Eva Per\u00f3n, frente al hospital, como en este espacio comunitario.<\/p>\n<p>\u201cEl CIM cuenta con un ala con varias aulas que desde hace aproximadamente un a\u00f1o se vienen refaccionando. La idea es recuperar este espacio tan importante para el barrio 2 de Abril y continuar brindando los talleres que ya se desarrollan, adem\u00e1s de sumar propuestas destinadas a personas con discapacidad\u201d, explic\u00f3 Zabala.<\/p>\n<p>En ese sentido, remarc\u00f3 que los trabajos incluyen mejoras en accesibilidad, como el reacondicionamiento de rampas para garantizar el ingreso de personas con movilidad reducida. Asimismo, inform\u00f3 que los talleres comienzan a funcionar a partir de este lunes, invitando a la comunidad a acercarse al Centro de la Mujer y la Familia o a la Secretar\u00eda correspondiente para realizar consultas e inscripciones.<\/p>\n<p>El funcionario se\u00f1al\u00f3 que el edificio permaneci\u00f3 durante mucho tiempo en estado de abandono, por lo que su recuperaci\u00f3n representa una pol\u00edtica clave para fortalecer la presencia del municipio en los barrios. \u201cEs un sector con much\u00edsima poblaci\u00f3n y recuperar este espacio es fundamental para acercar servicios y derechos a los vecinos\u201d, afirm\u00f3.<\/p>\n<p>Actualmente, el predio tambi\u00e9n cuenta con una biblioteca popular y una sala vinculada al sistema de salud, espacios que continuar\u00e1n funcionando mientras se eval\u00faa la incorporaci\u00f3n de nuevos servicios comunitarios.<\/p>\n<p>Zabala destac\u00f3 adem\u00e1s la importancia del trabajo conjunto entre distintas instituciones. \u201cSi no hay redes que sostengan el trabajo social, es muy dif\u00edcil abordar las necesidades de la comunidad. La articulaci\u00f3n con salud y otras \u00e1reas es fundamental\u201d, expres\u00f3.<\/p>\n<p>Finalmente, indic\u00f3 que ya se coordinan acciones con la Polic\u00eda para reforzar la seguridad del edificio, con el objetivo de preservar el espacio y garantizar su correcto funcionamiento.<\/p>\n","protected":false},"excerpt":{"rendered":"<p>El municipio avanza con trabajos de refacci\u00f3n y puesta en valor del Centro Comunitario del barrio 2 de Abril, un<\/p>\n","protected":false},"author":8,"featured_media":39393,"comment_status":"open","ping_status":"closed","sticky":false,"template":"","format":"standard","meta":{"footnotes":""},"categories":[40],"tags":[1439,292,1088],"class_list":["post-39392","post","type-post","status-publish","format-standard","has-post-thumbnail","hentry","category-municipales","tag-b-2-de-abril","tag-cic","tag-municipalidad-de-caleta-olivia"],"_links":{"self":[{"href":"https:\/\/ecosdelsur.com\/index.php?rest_route=\/wp\/v2\/posts\/39392","targetHints":{"allow":["GET"]}}],"collection":[{"href":"https:\/\/ecosdelsur.com\/index.php?rest_route=\/wp\/v2\/posts"}],"about":[{"href":"https:\/\/ecosdelsur.com\/index.php?rest_route=\/wp\/v2\/types\/post"}],"author":[{"embeddable":true,"href":"https:\/\/ecosdelsur.com\/index.php?rest_route=\/wp\/v2\/users\/8"}],"replies":[{"embeddable":true,"href":"https:\/\/ecosdelsur.com\/index.php?rest_route=%2Fwp%2Fv2%2Fcomments&post=39392"}],"version-history":[{"count":1,"href":"https:\/\/ecosdelsur.com\/index.php?rest_route=\/wp\/v2\/posts\/39392\/revisions"}],"predecessor-version":[{"id":39394,"href":"https:\/\/ecosdelsur.com\/index.php?rest_route=\/wp\/v2\/posts\/39392\/revisions\/39394"}],"wp:featuredmedia":[{"embeddable":true,"href":"https:\/\/ecosdelsur.com\/index.php?rest_route=\/wp\/v2\/media\/39393"}],"wp:attachment":[{"href":"https:\/\/ecosdelsur.com\/index.php?rest_route=%2Fwp%2Fv2%2Fmedia&parent=39392"}],"wp:term":[{"taxonomy":"category","embeddable":true,"href":"https:\/\/ecosdelsur.com\/index.php?rest_route=%2Fwp%2Fv2%2Fcategories&post=39392"},{"taxonomy":"post_tag","embeddable":true,"href":"https:\/\/ecosdelsur.com\/index.php?rest_route=%2Fwp%2Fv2%2Ftags&post=39392"}],"curies":[{"name":"wp","href":"https:\/\/api.w.org\/{rel}","templated":true}]}}