{"id":39381,"date":"2026-02-07T07:35:29","date_gmt":"2026-02-07T10:35:29","guid":{"rendered":"https:\/\/ecosdelsur.com\/?p=39381"},"modified":"2026-02-07T07:35:36","modified_gmt":"2026-02-07T10:35:36","slug":"provincia-transfirio-fondos-para-refaccion-de-escuelas","status":"publish","type":"post","link":"https:\/\/ecosdelsur.com\/?p=39381","title":{"rendered":"Provincia transfiri\u00f3 fondos para refacci\u00f3n de escuelas"},"content":{"rendered":"<header>\n<div class=\"row\">\n<div class=\"col-xs-12\">\n<div class=\"itemToolbar2\">\n<p><span class=\"itemDateCreated\" style=\"color: #ff0000;\">Viernes, 06 Febrero 2026 <\/span>El Consejo Provincial de Educaci\u00f3n cumpli\u00f3 un compromiso con la comuna de Ca\u00f1ad\u00f3n Seco, transfiri\u00e9ndole fondos para el mantenimiento y refacci\u00f3n de escuelas.<img decoding=\"async\" class=\"alignnone size-full wp-image-39383 lazyload\" data-src=\"https:\/\/ecosdelsur.com\/wp-content\/uploads\/2026\/02\/chi1-copia.jpg\" alt=\"\" width=\"768\" height=\"1024\" data-srcset=\"https:\/\/ecosdelsur.com\/wp-content\/uploads\/2026\/02\/chi1-copia.jpg 768w, https:\/\/ecosdelsur.com\/wp-content\/uploads\/2026\/02\/chi1-copia-225x300.jpg 225w\" data-sizes=\"(max-width: 768px) 100vw, 768px\" src=\"data:image\/svg+xml;base64,PHN2ZyB3aWR0aD0iMSIgaGVpZ2h0PSIxIiB4bWxucz0iaHR0cDovL3d3dy53My5vcmcvMjAwMC9zdmciPjwvc3ZnPg==\" style=\"--smush-placeholder-width: 768px; --smush-placeholder-aspect-ratio: 768\/1024;\" \/><\/p>\n<\/div>\n<\/div>\n<\/div>\n<div class=\"interiorCopete\">\n<p class=\"ignore-parser\">La titular de la cartera educativa, Iris Rasgido, firm\u00f3 este viernes un convenio con el presidente de la comisi\u00f3n de fomento de Ca\u00f1ad\u00f3n Seco, Gabriel Galarza. Este acuerdo se enmarca en una decisi\u00f3n del gobernador Claudio Vidal, quien dispuso la asignaci\u00f3n de recursos econ\u00f3micos, entendiendo que la educaci\u00f3n constituye \u201cuna herramienta fundamental para garantizar condiciones dignas de ense\u00f1anza y aprendizaje en cada rinc\u00f3n del territorio provincial, fortaleciendo la igualdad de oportunidades\u201d.<\/p>\n<\/div>\n<\/header>\n<div class=\"cuerpo clearfix\">\n<p>Durante la firma que se concret\u00f3 el jueves, se destac\u00f3 la importancia de la articulaci\u00f3n entre el Estado provincial y los gobiernos locales, permitiendo dar respuestas concretas a demandas hist\u00f3ricas del sistema educativo, mejorando la infraestructura escolar y acompa\u00f1ando el trabajo cotidiano de docentes, estudiantes y familias.<\/p>\n<p>En ese marco, Galarza subray\u00f3 que invertir en educaci\u00f3n es hacerlo en el futuro de los pueblos, reafirmando que la escuela p\u00fablica es un pilar central del desarrollo social y comunitario, as\u00ed como el camino indispensable para atravesar y superar las crisis, con inclusi\u00f3n, igualdad y justicia social.<\/p>\n<p>Este convenio ratifica el compromiso del Gobierno de Santa Cruz y de la comisi\u00f3n de fomento de Ca\u00f1ad\u00f3n Seco por una educaci\u00f3n p\u00fablica fortalecida, entendida como base del crecimiento colectivo y del progreso de las generaciones presentes y futuras.<\/p>\n<\/div>\n","protected":false},"excerpt":{"rendered":"<p>Viernes, 06 Febrero 2026 El Consejo Provincial de Educaci\u00f3n cumpli\u00f3 un compromiso con la comuna de Ca\u00f1ad\u00f3n Seco, transfiri\u00e9ndole fondos<\/p>\n","protected":false},"author":8,"featured_media":39382,"comment_status":"open","ping_status":"closed","sticky":false,"template":"","format":"standard","meta":{"footnotes":""},"categories":[33],"tags":[],"class_list":["post-39381","post","type-post","status-publish","format-standard","has-post-thumbnail","hentry","category-politica"],"_links":{"self":[{"href":"https:\/\/ecosdelsur.com\/index.php?rest_route=\/wp\/v2\/posts\/39381","targetHints":{"allow":["GET"]}}],"collection":[{"href":"https:\/\/ecosdelsur.com\/index.php?rest_route=\/wp\/v2\/posts"}],"about":[{"href":"https:\/\/ecosdelsur.com\/index.php?rest_route=\/wp\/v2\/types\/post"}],"author":[{"embeddable":true,"href":"https:\/\/ecosdelsur.com\/index.php?rest_route=\/wp\/v2\/users\/8"}],"replies":[{"embeddable":true,"href":"https:\/\/ecosdelsur.com\/index.php?rest_route=%2Fwp%2Fv2%2Fcomments&post=39381"}],"version-history":[{"count":1,"href":"https:\/\/ecosdelsur.com\/index.php?rest_route=\/wp\/v2\/posts\/39381\/revisions"}],"predecessor-version":[{"id":39385,"href":"https:\/\/ecosdelsur.com\/index.php?rest_route=\/wp\/v2\/posts\/39381\/revisions\/39385"}],"wp:featuredmedia":[{"embeddable":true,"href":"https:\/\/ecosdelsur.com\/index.php?rest_route=\/wp\/v2\/media\/39382"}],"wp:attachment":[{"href":"https:\/\/ecosdelsur.com\/index.php?rest_route=%2Fwp%2Fv2%2Fmedia&parent=39381"}],"wp:term":[{"taxonomy":"category","embeddable":true,"href":"https:\/\/ecosdelsur.com\/index.php?rest_route=%2Fwp%2Fv2%2Fcategories&post=39381"},{"taxonomy":"post_tag","embeddable":true,"href":"https:\/\/ecosdelsur.com\/index.php?rest_route=%2Fwp%2Fv2%2Ftags&post=39381"}],"curies":[{"name":"wp","href":"https:\/\/api.w.org\/{rel}","templated":true}]}}