{"id":39373,"date":"2026-02-07T07:27:13","date_gmt":"2026-02-07T10:27:13","guid":{"rendered":"https:\/\/ecosdelsur.com\/?p=39373"},"modified":"2026-02-07T07:29:19","modified_gmt":"2026-02-07T10:29:19","slug":"39373","status":"publish","type":"post","link":"https:\/\/ecosdelsur.com\/?p=39373","title":{"rendered":"Ni\u00f1os del merendero 11 de noviembre disfrutaron la tarde en la costa"},"content":{"rendered":"<header>\n<div class=\"interiorCopete\">\n<div class=\"itemToolbar2\">\n<p><span style=\"color: #ff0000;\">\u00a0<\/span><span class=\"itemDateCreated\"><span style=\"color: #ff0000;\">Jueves, 05 Febrero 2026<\/span> <\/span>Los ni\u00f1os que asisten al merendero 11 de Noviembre del barrio Rotary 23 de Caleta Olivia disfrutaron el jueves de actividades n\u00e1uticas en la playa costanera.<img decoding=\"async\" class=\"alignnone size-full wp-image-39376 lazyload\" data-src=\"https:\/\/ecosdelsur.com\/wp-content\/uploads\/2026\/02\/Diseno-para-Web.zip-4-1-1024x576-copia.jpeg\" alt=\"\" width=\"1024\" height=\"576\" data-srcset=\"https:\/\/ecosdelsur.com\/wp-content\/uploads\/2026\/02\/Diseno-para-Web.zip-4-1-1024x576-copia.jpeg 1024w, https:\/\/ecosdelsur.com\/wp-content\/uploads\/2026\/02\/Diseno-para-Web.zip-4-1-1024x576-copia-300x169.jpeg 300w, https:\/\/ecosdelsur.com\/wp-content\/uploads\/2026\/02\/Diseno-para-Web.zip-4-1-1024x576-copia-768x432.jpeg 768w\" data-sizes=\"(max-width: 1024px) 100vw, 1024px\" src=\"data:image\/svg+xml;base64,PHN2ZyB3aWR0aD0iMSIgaGVpZ2h0PSIxIiB4bWxucz0iaHR0cDovL3d3dy53My5vcmcvMjAwMC9zdmciPjwvc3ZnPg==\" style=\"--smush-placeholder-width: 1024px; --smush-placeholder-aspect-ratio: 1024\/576;\" \/><\/p>\n<\/div>\n<\/div>\n<\/header>\n<div class=\"head-image thumb-wrap relative\">\n<div class=\" gallery-container news-body-media media-expand\" data-td-script-src=\"https:\/\/www.elpatagonico.com\/js-custom\/elpatagonico\/jquery.min-min-version-1770437149.js,https:\/\/www.elpatagonico.com\/js-custom\/vendor\/owl.carousel\/dist\/owl.carousel.min-min-version-1770437149.js,https:\/\/www.elpatagonico.com\/js-custom\/elpatagonico\/detalle-galeria-min-version-1770437149.js\">\n<div id=\"detailNoteGallery\" class=\"snapshot-container\" data-ride=\"false\" data-interval=\"false\">\n<div id=\"fotogaleria-Object_6748_4842\" class=\"carousel-inner gallery\" role=\"listbox\">\n<div class=\"col2 owl-carousel owl-loaded\">\n<div class=\"owl-stage-outer owl-height\">\n<div class=\"owl-stage\">\n<div class=\"owl-item active\">\n<div class=\"image itemGallery classid8185054\">\n<figure class=\"figure-wrapper\"><\/figure>\n<figure class=\"figure-wrapper\">Los chicos fueron invitados por la Secretar\u00eda de Cultura, Deportes y Juventud del municipio y contaron con el acompa\u00f1amiento del intendente Pablo Carrizo y de otros funcionarios, adem\u00e1s de integrantes de la Fundaci\u00f3n Kosten.<\/figure>\n<\/div>\n<\/div>\n<\/div>\n<\/div>\n<\/div>\n<\/div>\n<\/div>\n<\/div>\n<\/div>\n<div class=\"cuerpo clearfix\">\n<p>La propuesta, pensada para que las infancias descubran, jueguen y compartan grandes aventuras, continuar\u00e1 con otras instituciones. La jornada incluy\u00f3 actividades n\u00e1uticas como kayak y SUP, adem\u00e1s de juegos, t\u00edteres, charlas y merienda.<img decoding=\"async\" class=\"alignnone size-full wp-image-39375 lazyload\" data-src=\"https:\/\/ecosdelsur.com\/wp-content\/uploads\/2026\/02\/Diseno-para-Web.zip-2-1-1024x576-copia.jpeg\" alt=\"\" width=\"1024\" height=\"576\" data-srcset=\"https:\/\/ecosdelsur.com\/wp-content\/uploads\/2026\/02\/Diseno-para-Web.zip-2-1-1024x576-copia.jpeg 1024w, https:\/\/ecosdelsur.com\/wp-content\/uploads\/2026\/02\/Diseno-para-Web.zip-2-1-1024x576-copia-300x169.jpeg 300w, https:\/\/ecosdelsur.com\/wp-content\/uploads\/2026\/02\/Diseno-para-Web.zip-2-1-1024x576-copia-768x432.jpeg 768w\" data-sizes=\"(max-width: 1024px) 100vw, 1024px\" src=\"data:image\/svg+xml;base64,PHN2ZyB3aWR0aD0iMSIgaGVpZ2h0PSIxIiB4bWxucz0iaHR0cDovL3d3dy53My5vcmcvMjAwMC9zdmciPjwvc3ZnPg==\" style=\"--smush-placeholder-width: 1024px; --smush-placeholder-aspect-ratio: 1024\/576;\" \/><\/p>\n<p>\u201cQue los ni\u00f1os disfruten del verano y puedan conocer los espacios y lugares de la costa, que vengan a divertir con compa\u00f1erismo\u201d, es el objetivo, coment\u00f3 el secretario de Cultura, Deportes y Juventud, David Jones.<\/p>\n<p>Por su parte Mar\u00eda Vidal, referente del merendero 11 de Noviembre, coment\u00f3 que la invitaci\u00f3n les lleg\u00f3 a trav\u00e9s de la subsecretaria de Cultura, Dana Moreno.<\/p>\n<p>\u201cMuchos chicos no conoc\u00edan los kayaks y quedaron muy contentos y entusiasmados porque para ellos fue una gran aventura\u201d, dijo la dirigente barrial, agradeciendo al intendente Pablo Carrizo su gesti\u00f3n por haber facilitado movilidad para unos 50 ni\u00f1os y sus colaboradores.<\/p>\n<\/div>\n","protected":false},"excerpt":{"rendered":"<p>\u00a0Jueves, 05 Febrero 2026 Los ni\u00f1os que asisten al merendero 11 de Noviembre del barrio Rotary 23 de Caleta Olivia<\/p>\n","protected":false},"author":8,"featured_media":39374,"comment_status":"open","ping_status":"closed","sticky":false,"template":"","format":"standard","meta":{"footnotes":""},"categories":[37],"tags":[],"class_list":["post-39373","post","type-post","status-publish","format-standard","has-post-thumbnail","hentry","category-deportes"],"_links":{"self":[{"href":"https:\/\/ecosdelsur.com\/index.php?rest_route=\/wp\/v2\/posts\/39373","targetHints":{"allow":["GET"]}}],"collection":[{"href":"https:\/\/ecosdelsur.com\/index.php?rest_route=\/wp\/v2\/posts"}],"about":[{"href":"https:\/\/ecosdelsur.com\/index.php?rest_route=\/wp\/v2\/types\/post"}],"author":[{"embeddable":true,"href":"https:\/\/ecosdelsur.com\/index.php?rest_route=\/wp\/v2\/users\/8"}],"replies":[{"embeddable":true,"href":"https:\/\/ecosdelsur.com\/index.php?rest_route=%2Fwp%2Fv2%2Fcomments&post=39373"}],"version-history":[{"count":2,"href":"https:\/\/ecosdelsur.com\/index.php?rest_route=\/wp\/v2\/posts\/39373\/revisions"}],"predecessor-version":[{"id":39379,"href":"https:\/\/ecosdelsur.com\/index.php?rest_route=\/wp\/v2\/posts\/39373\/revisions\/39379"}],"wp:featuredmedia":[{"embeddable":true,"href":"https:\/\/ecosdelsur.com\/index.php?rest_route=\/wp\/v2\/media\/39374"}],"wp:attachment":[{"href":"https:\/\/ecosdelsur.com\/index.php?rest_route=%2Fwp%2Fv2%2Fmedia&parent=39373"}],"wp:term":[{"taxonomy":"category","embeddable":true,"href":"https:\/\/ecosdelsur.com\/index.php?rest_route=%2Fwp%2Fv2%2Fcategories&post=39373"},{"taxonomy":"post_tag","embeddable":true,"href":"https:\/\/ecosdelsur.com\/index.php?rest_route=%2Fwp%2Fv2%2Ftags&post=39373"}],"curies":[{"name":"wp","href":"https:\/\/api.w.org\/{rel}","templated":true}]}}