{"id":39367,"date":"2026-02-07T07:17:44","date_gmt":"2026-02-07T10:17:44","guid":{"rendered":"https:\/\/ecosdelsur.com\/?p=39367"},"modified":"2026-02-07T07:17:44","modified_gmt":"2026-02-07T10:17:44","slug":"el-jardin-de-infantes-n46-de-el-chalten-inicio-el-ciclo-lectivo-2026","status":"publish","type":"post","link":"https:\/\/ecosdelsur.com\/?p=39367","title":{"rendered":"El Jard\u00edn de Infantes N\u00b046 de El Chalt\u00e9n inici\u00f3 el Ciclo Lectivo 2026"},"content":{"rendered":"<div class=\"itemToolbar2\">\n<p><span style=\"color: #ff0000;\">\u00a0<span class=\"itemDateCreated\">Jueves, 05 Febrero 2026 &#8211; <\/span><\/span>En el inicio del Ciclo Lectivo 2026, Per\u00edodo Especial, el Jard\u00edn de Infantes N\u00b046 Los Huemules, de El Chalt\u00e9n comenz\u00f3 las actividades escolares, reafirmando el objetivo pol\u00edtico-educativo de fortalecer la alfabetizaci\u00f3n desde el Nivel Inicial, garantizar el derecho a la educaci\u00f3n y acompa\u00f1ar las trayectorias educativas de ni\u00f1as y ni\u00f1os.<img decoding=\"async\" class=\"alignnone size-full wp-image-39369 lazyload\" data-src=\"https:\/\/ecosdelsur.com\/wp-content\/uploads\/2026\/02\/WhatsApp_Image_2026-02-05_at_18.43.57-copia.jpeg\" alt=\"\" width=\"1003\" height=\"668\" data-srcset=\"https:\/\/ecosdelsur.com\/wp-content\/uploads\/2026\/02\/WhatsApp_Image_2026-02-05_at_18.43.57-copia.jpeg 1003w, https:\/\/ecosdelsur.com\/wp-content\/uploads\/2026\/02\/WhatsApp_Image_2026-02-05_at_18.43.57-copia-300x200.jpeg 300w, https:\/\/ecosdelsur.com\/wp-content\/uploads\/2026\/02\/WhatsApp_Image_2026-02-05_at_18.43.57-copia-768x511.jpeg 768w\" data-sizes=\"(max-width: 1003px) 100vw, 1003px\" src=\"data:image\/svg+xml;base64,PHN2ZyB3aWR0aD0iMSIgaGVpZ2h0PSIxIiB4bWxucz0iaHR0cDovL3d3dy53My5vcmcvMjAwMC9zdmciPjwvc3ZnPg==\" style=\"--smush-placeholder-width: 1003px; --smush-placeholder-aspect-ratio: 1003\/668;\" \/><\/p>\n<\/div>\n<div class=\"itemFullText\">\n<p>Durante el acto, la directora provincial de Educaci\u00f3n Inicial, Mariana Nazzi, destac\u00f3 el acompa\u00f1amiento de las autoridades provinciales y el compromiso con las pol\u00edticas educativas. En ese sentido, transmiti\u00f3 el saludo del gobernador Claudio Vidal, de la presidenta del Consejo Provincial de Educaci\u00f3n, Iris Rasgido, junto a la vicepresidenta, Ester Pucheta, reafirmando el respaldo a cada una de las decisiones y acciones que se desarrollan en el \u00e1mbito educativo.<img decoding=\"async\" class=\"alignnone size-full wp-image-39368 lazyload\" data-src=\"https:\/\/ecosdelsur.com\/wp-content\/uploads\/2026\/02\/WhatsApp_Image_2026-02-05_at_18.43.46-copia.jpeg\" alt=\"\" width=\"1019\" height=\"669\" data-srcset=\"https:\/\/ecosdelsur.com\/wp-content\/uploads\/2026\/02\/WhatsApp_Image_2026-02-05_at_18.43.46-copia.jpeg 1019w, https:\/\/ecosdelsur.com\/wp-content\/uploads\/2026\/02\/WhatsApp_Image_2026-02-05_at_18.43.46-copia-300x197.jpeg 300w, https:\/\/ecosdelsur.com\/wp-content\/uploads\/2026\/02\/WhatsApp_Image_2026-02-05_at_18.43.46-copia-768x504.jpeg 768w\" data-sizes=\"(max-width: 1019px) 100vw, 1019px\" src=\"data:image\/svg+xml;base64,PHN2ZyB3aWR0aD0iMSIgaGVpZ2h0PSIxIiB4bWxucz0iaHR0cDovL3d3dy53My5vcmcvMjAwMC9zdmciPjwvc3ZnPg==\" style=\"--smush-placeholder-width: 1019px; --smush-placeholder-aspect-ratio: 1019\/669;\" \/><\/p>\n<p>Adem\u00e1s, subray\u00f3 la importancia del Plan de Mantenimiento Escolar y del Plan de Recuperaci\u00f3n Hist\u00f3rica de las Escuelas, acciones fundamentales para mejorar las condiciones edilicias y garantizar espacios seguros y adecuados para ense\u00f1ar y aprender. En este sentido, resalt\u00f3 las obras que se vienen desarrollando en la provincia y destac\u00f3 el inicio del Sal\u00f3n de Usos M\u00faltiples del Colegio Provincial de Educaci\u00f3n Secundaria (CPES) N\u00b028, una obra largamente esperada por la comunidad educativa y que forma parte del fortalecimiento de la infraestructura escolar.<\/p>\n<p>Tanto Nazzi como la directora general Regional de Educaci\u00f3n \u2013 Zona Sudoeste, Noelia Di Lorenzo, coincidieron en destacar el rol fundamental de las familias como parte activa del sistema educativo, remarcando su acompa\u00f1amiento en la construcci\u00f3n de las trayectorias escolares, que comienzan en el Nivel Inicial y se fortalecen a lo largo de todo el recorrido educativo.<\/p>\n<p>En este sentido, se puso en valor el trabajo, la vocaci\u00f3n y el compromiso de los docentes, quienes d\u00eda a d\u00eda hacen posible una educaci\u00f3n transformadora, generando espacios de aprendizaje, juego y disfrute para las infancias.<\/p>\n<p>Por su parte, Di Lorenzo valor\u00f3 el trabajo compartido junto a un gran equipo de docentes, reconociendo su rol central en el sistema educativo para encender la curiosidad y la alegr\u00eda de las ni\u00f1as y los ni\u00f1os.<\/p>\n<p>Finalmente, anticip\u00f3 que a lo largo del a\u00f1o las familias ser\u00e1n convocadas a trabajar de manera conjunta, en el marco de uno de los ejes centrales de la pol\u00edtica educativa provincial: la alfabetizaci\u00f3n, y celebr\u00f3 el inicio de un nuevo ciclo lectivo, deseando un feliz comienzo de clases 2026 para toda la comunidad educativa.<\/p>\n<\/div>\n","protected":false},"excerpt":{"rendered":"<p>\u00a0Jueves, 05 Febrero 2026 &#8211; En el inicio del Ciclo Lectivo 2026, Per\u00edodo Especial, el Jard\u00edn de Infantes N\u00b046 Los<\/p>\n","protected":false},"author":8,"featured_media":39370,"comment_status":"open","ping_status":"closed","sticky":false,"template":"","format":"standard","meta":{"footnotes":""},"categories":[90],"tags":[],"class_list":["post-39367","post","type-post","status-publish","format-standard","has-post-thumbnail","hentry","category-educacion-2"],"_links":{"self":[{"href":"https:\/\/ecosdelsur.com\/index.php?rest_route=\/wp\/v2\/posts\/39367","targetHints":{"allow":["GET"]}}],"collection":[{"href":"https:\/\/ecosdelsur.com\/index.php?rest_route=\/wp\/v2\/posts"}],"about":[{"href":"https:\/\/ecosdelsur.com\/index.php?rest_route=\/wp\/v2\/types\/post"}],"author":[{"embeddable":true,"href":"https:\/\/ecosdelsur.com\/index.php?rest_route=\/wp\/v2\/users\/8"}],"replies":[{"embeddable":true,"href":"https:\/\/ecosdelsur.com\/index.php?rest_route=%2Fwp%2Fv2%2Fcomments&post=39367"}],"version-history":[{"count":1,"href":"https:\/\/ecosdelsur.com\/index.php?rest_route=\/wp\/v2\/posts\/39367\/revisions"}],"predecessor-version":[{"id":39372,"href":"https:\/\/ecosdelsur.com\/index.php?rest_route=\/wp\/v2\/posts\/39367\/revisions\/39372"}],"wp:featuredmedia":[{"embeddable":true,"href":"https:\/\/ecosdelsur.com\/index.php?rest_route=\/wp\/v2\/media\/39370"}],"wp:attachment":[{"href":"https:\/\/ecosdelsur.com\/index.php?rest_route=%2Fwp%2Fv2%2Fmedia&parent=39367"}],"wp:term":[{"taxonomy":"category","embeddable":true,"href":"https:\/\/ecosdelsur.com\/index.php?rest_route=%2Fwp%2Fv2%2Fcategories&post=39367"},{"taxonomy":"post_tag","embeddable":true,"href":"https:\/\/ecosdelsur.com\/index.php?rest_route=%2Fwp%2Fv2%2Ftags&post=39367"}],"curies":[{"name":"wp","href":"https:\/\/api.w.org\/{rel}","templated":true}]}}