{"id":39362,"date":"2026-02-07T07:08:32","date_gmt":"2026-02-07T10:08:32","guid":{"rendered":"https:\/\/ecosdelsur.com\/?p=39362"},"modified":"2026-02-07T07:10:39","modified_gmt":"2026-02-07T10:10:39","slug":"vidal-continuo-hoy-su-recorrida-en-los-antiguos-con-agenda-productiva-y-de-servicios","status":"publish","type":"post","link":"https:\/\/ecosdelsur.com\/?p=39362","title":{"rendered":"Vidal continu\u00f3 hoy su recorrida en Los Antiguos con agenda productiva y de servicios"},"content":{"rendered":"<div class=\"itemToolbar2\">\n<p><span class=\"itemDateCreated\" style=\"color: #ff0000;\">Viernes, 06 Febrero 2026 . <\/span>El gobernador Claudio Vidal contin\u00faa con su agenda de trabajo en la localidad de Los Antiguos, desarrollando una recorrida con eje en la producci\u00f3n, el agregado de valor y el fortalecimiento de los servicios.<img decoding=\"async\" class=\"alignnone size-full wp-image-39364 lazyload\" data-src=\"https:\/\/ecosdelsur.com\/wp-content\/uploads\/2026\/02\/WhatsApp_Image_2026-02-06_at_3.17.31_PM_5-copia.jpeg\" alt=\"\" width=\"1024\" height=\"677\" data-srcset=\"https:\/\/ecosdelsur.com\/wp-content\/uploads\/2026\/02\/WhatsApp_Image_2026-02-06_at_3.17.31_PM_5-copia.jpeg 1024w, https:\/\/ecosdelsur.com\/wp-content\/uploads\/2026\/02\/WhatsApp_Image_2026-02-06_at_3.17.31_PM_5-copia-300x198.jpeg 300w, https:\/\/ecosdelsur.com\/wp-content\/uploads\/2026\/02\/WhatsApp_Image_2026-02-06_at_3.17.31_PM_5-copia-768x508.jpeg 768w\" data-sizes=\"(max-width: 1024px) 100vw, 1024px\" src=\"data:image\/svg+xml;base64,PHN2ZyB3aWR0aD0iMSIgaGVpZ2h0PSIxIiB4bWxucz0iaHR0cDovL3d3dy53My5vcmcvMjAwMC9zdmciPjwvc3ZnPg==\" style=\"--smush-placeholder-width: 1024px; --smush-placeholder-aspect-ratio: 1024\/677;\" \/><\/p>\n<\/div>\n<p>En ese contexto, recorri\u00f3 la obra de interconexi\u00f3n el\u00e9ctrica El Pluma\u2013Perito Moreno\u2013Los Antiguos, un proyecto estrat\u00e9gico para el noroeste santacruce\u00f1o que permitir\u00e1 integrar de manera definitiva a ambas localidades al Sistema Interconectado Nacional, mejorar la calidad del suministro el\u00e9ctrico y reducir la dependencia de generaci\u00f3n a combustible. Los trabajos presentan un avance significativo y se prev\u00e9 su finalizaci\u00f3n para el mes de octubre.<img decoding=\"async\" class=\"alignnone size-full wp-image-39365 lazyload\" data-src=\"https:\/\/ecosdelsur.com\/wp-content\/uploads\/2026\/02\/WhatsApp_Image_2026-02-06_at_3.17.31_PM_8-copia.jpeg\" alt=\"\" width=\"1024\" height=\"669\" data-srcset=\"https:\/\/ecosdelsur.com\/wp-content\/uploads\/2026\/02\/WhatsApp_Image_2026-02-06_at_3.17.31_PM_8-copia.jpeg 1024w, https:\/\/ecosdelsur.com\/wp-content\/uploads\/2026\/02\/WhatsApp_Image_2026-02-06_at_3.17.31_PM_8-copia-300x196.jpeg 300w, https:\/\/ecosdelsur.com\/wp-content\/uploads\/2026\/02\/WhatsApp_Image_2026-02-06_at_3.17.31_PM_8-copia-768x502.jpeg 768w\" data-sizes=\"(max-width: 1024px) 100vw, 1024px\" src=\"data:image\/svg+xml;base64,PHN2ZyB3aWR0aD0iMSIgaGVpZ2h0PSIxIiB4bWxucz0iaHR0cDovL3d3dy53My5vcmcvMjAwMC9zdmciPjwvc3ZnPg==\" style=\"--smush-placeholder-width: 1024px; --smush-placeholder-aspect-ratio: 1024\/669;\" \/><\/p>\n<p>Dentro del recorrido, visit\u00f3 una planta de agua mineral, donde conoci\u00f3 las instalaciones y se interioriz\u00f3 sobre el proyecto productivo.<\/p>\n<p>La agenda continu\u00f3 con encuentros con productores locales, con quienes analiz\u00f3 alternativas para fortalecer la producci\u00f3n y el trabajo en la regi\u00f3n, reafirmando el acompa\u00f1amiento del Estado provincial a quienes apuestan al desarrollo local.<\/p>\n<p>Durante la recorrida, el gobernador destac\u00f3 la inversi\u00f3n de $375.000.000 destinada a la reconversi\u00f3n y puesta en marcha de la dulcera municipal, se\u00f1alando la necesidad de modernizar su equipamiento para recuperar la capacidad productiva y generar valor agregado. Asimismo, garantiz\u00f3 la colocaci\u00f3n de los productos elaborados a trav\u00e9s del Ministerio de Desarrollo Social de la provincia, asegurando un destino sostenido para la producci\u00f3n.<\/p>\n<p>Adem\u00e1s, realiz\u00f3 la entrega de computadoras como parte de las acciones de acompa\u00f1amiento del Gobierno Provincial al desarrollo comunitario.<\/p>\n<p>Finalmente, mantuvo encuentros con vecinos de la localidad, con quienes dialog\u00f3 sobre la realidad de Los Antiguos, sus necesidades y expectativas, en un marco de cercan\u00eda y contacto directo con la comunidad.<\/p>\n","protected":false},"excerpt":{"rendered":"<p>Viernes, 06 Febrero 2026 . El gobernador Claudio Vidal contin\u00faa con su agenda de trabajo en la localidad de Los<\/p>\n","protected":false},"author":8,"featured_media":39363,"comment_status":"open","ping_status":"closed","sticky":false,"template":"","format":"standard","meta":{"footnotes":""},"categories":[33],"tags":[],"class_list":["post-39362","post","type-post","status-publish","format-standard","has-post-thumbnail","hentry","category-politica"],"_links":{"self":[{"href":"https:\/\/ecosdelsur.com\/index.php?rest_route=\/wp\/v2\/posts\/39362","targetHints":{"allow":["GET"]}}],"collection":[{"href":"https:\/\/ecosdelsur.com\/index.php?rest_route=\/wp\/v2\/posts"}],"about":[{"href":"https:\/\/ecosdelsur.com\/index.php?rest_route=\/wp\/v2\/types\/post"}],"author":[{"embeddable":true,"href":"https:\/\/ecosdelsur.com\/index.php?rest_route=\/wp\/v2\/users\/8"}],"replies":[{"embeddable":true,"href":"https:\/\/ecosdelsur.com\/index.php?rest_route=%2Fwp%2Fv2%2Fcomments&post=39362"}],"version-history":[{"count":1,"href":"https:\/\/ecosdelsur.com\/index.php?rest_route=\/wp\/v2\/posts\/39362\/revisions"}],"predecessor-version":[{"id":39366,"href":"https:\/\/ecosdelsur.com\/index.php?rest_route=\/wp\/v2\/posts\/39362\/revisions\/39366"}],"wp:featuredmedia":[{"embeddable":true,"href":"https:\/\/ecosdelsur.com\/index.php?rest_route=\/wp\/v2\/media\/39363"}],"wp:attachment":[{"href":"https:\/\/ecosdelsur.com\/index.php?rest_route=%2Fwp%2Fv2%2Fmedia&parent=39362"}],"wp:term":[{"taxonomy":"category","embeddable":true,"href":"https:\/\/ecosdelsur.com\/index.php?rest_route=%2Fwp%2Fv2%2Fcategories&post=39362"},{"taxonomy":"post_tag","embeddable":true,"href":"https:\/\/ecosdelsur.com\/index.php?rest_route=%2Fwp%2Fv2%2Ftags&post=39362"}],"curies":[{"name":"wp","href":"https:\/\/api.w.org\/{rel}","templated":true}]}}