{"id":39174,"date":"2026-01-29T00:23:06","date_gmt":"2026-01-29T03:23:06","guid":{"rendered":"https:\/\/ecosdelsur.com\/?p=39174"},"modified":"2026-01-29T00:23:06","modified_gmt":"2026-01-29T03:23:06","slug":"el-gobernador-visito-venoil-en-rio-gallegos-y-valoro-el-nuevo-equipo-de-pulling-para-reactivar-la-cuenca-austral","status":"publish","type":"post","link":"https:\/\/ecosdelsur.com\/?p=39174","title":{"rendered":"El gobernador visito Venoil en R\u00edo Gallegos y valor\u00f3 el nuevo equipo de pulling para reactivar la Cuenca Austral"},"content":{"rendered":"<div class=\"itemToolbar2\">\n<p><span class=\"itemDateCreated\">Mi\u00e9rcoles, 28 Enero 2026 <\/span>El gobernador de Santa Cruz, Claudio Vidal, junto al ministro de Energ\u00eda y Miner\u00eda, Jaime \u00c1lvarez, y el presidente de la empresa Venoil Energ\u00eda, Gustavo Naves, visitaron la base de dicha empresa, ubicada en la Cuenca Austral santacruce\u00f1a, en el marco del plan de reactivaci\u00f3n de la actividad hidrocarbur\u00edfera que impulsa el Gobierno Provincial.<img decoding=\"async\" class=\"alignnone size-large wp-image-39177 lazyload\" data-src=\"https:\/\/ecosdelsur.com\/wp-content\/uploads\/2026\/01\/VIDAL_7-1024x682.jpeg\" alt=\"\" width=\"800\" height=\"533\" data-srcset=\"https:\/\/ecosdelsur.com\/wp-content\/uploads\/2026\/01\/VIDAL_7-1024x682.jpeg 1024w, https:\/\/ecosdelsur.com\/wp-content\/uploads\/2026\/01\/VIDAL_7-300x200.jpeg 300w, https:\/\/ecosdelsur.com\/wp-content\/uploads\/2026\/01\/VIDAL_7-768x512.jpeg 768w, https:\/\/ecosdelsur.com\/wp-content\/uploads\/2026\/01\/VIDAL_7-1536x1023.jpeg 1536w, https:\/\/ecosdelsur.com\/wp-content\/uploads\/2026\/01\/VIDAL_7.jpeg 1600w\" data-sizes=\"(max-width: 800px) 100vw, 800px\" src=\"data:image\/svg+xml;base64,PHN2ZyB3aWR0aD0iMSIgaGVpZ2h0PSIxIiB4bWxucz0iaHR0cDovL3d3dy53My5vcmcvMjAwMC9zdmciPjwvc3ZnPg==\" style=\"--smush-placeholder-width: 800px; --smush-placeholder-aspect-ratio: 800\/533;\" \/><\/p>\n<\/div>\n<div class=\"itemFullText\">\n<p>D urante la recorrida, se destac\u00f3 la incorporaci\u00f3n del segundo equipo de pulling pesado VEN-02, que se suma al VEN-01, fortaleciendo la capacidad operativa de la compa\u00f1\u00eda para llevar adelante tareas de pulling en las cinco concesiones que Venoil posee en la provincia. Con ambos equipos en funcionamiento, se avanza en la recuperaci\u00f3n de pozos y en la reversi\u00f3n de a\u00f1os de baja actividad en la cuenca.<img decoding=\"async\" class=\"alignnone size-large wp-image-39178 lazyload\" data-src=\"https:\/\/ecosdelsur.com\/wp-content\/uploads\/2026\/01\/VIDAL_9-1024x682.jpeg\" alt=\"\" width=\"800\" height=\"533\" data-srcset=\"https:\/\/ecosdelsur.com\/wp-content\/uploads\/2026\/01\/VIDAL_9-1024x682.jpeg 1024w, https:\/\/ecosdelsur.com\/wp-content\/uploads\/2026\/01\/VIDAL_9-300x200.jpeg 300w, https:\/\/ecosdelsur.com\/wp-content\/uploads\/2026\/01\/VIDAL_9-768x512.jpeg 768w, https:\/\/ecosdelsur.com\/wp-content\/uploads\/2026\/01\/VIDAL_9-1536x1023.jpeg 1536w, https:\/\/ecosdelsur.com\/wp-content\/uploads\/2026\/01\/VIDAL_9.jpeg 1600w\" data-sizes=\"(max-width: 800px) 100vw, 800px\" src=\"data:image\/svg+xml;base64,PHN2ZyB3aWR0aD0iMSIgaGVpZ2h0PSIxIiB4bWxucz0iaHR0cDovL3d3dy53My5vcmcvMjAwMC9zdmciPjwvc3ZnPg==\" style=\"--smush-placeholder-width: 800px; --smush-placeholder-aspect-ratio: 800\/533;\" \/><\/p>\n<p>La empresa asumi\u00f3 la operaci\u00f3n de las \u00e1reas en diciembre de 2024 y, desde entonces, ejecuta un plan de inversi\u00f3n de 6,5 millones de d\u00f3lares. Este plan contempla la renovaci\u00f3n de la flota con 36 camionetas nuevas, mejoras en instalaciones estrat\u00e9gicas como la Planta Chimen Aike \u2014que permanec\u00eda sin producci\u00f3n desde hace aproximadamente 15 a\u00f1os\u2014 y la incorporaci\u00f3n de equipamiento clave para optimizar los niveles de producci\u00f3n.<img decoding=\"async\" class=\"alignnone size-large wp-image-39176 lazyload\" data-src=\"https:\/\/ecosdelsur.com\/wp-content\/uploads\/2026\/01\/VIDAL_2-1024x682.jpeg\" alt=\"\" width=\"800\" height=\"533\" data-srcset=\"https:\/\/ecosdelsur.com\/wp-content\/uploads\/2026\/01\/VIDAL_2-1024x682.jpeg 1024w, https:\/\/ecosdelsur.com\/wp-content\/uploads\/2026\/01\/VIDAL_2-300x200.jpeg 300w, https:\/\/ecosdelsur.com\/wp-content\/uploads\/2026\/01\/VIDAL_2-768x512.jpeg 768w, https:\/\/ecosdelsur.com\/wp-content\/uploads\/2026\/01\/VIDAL_2-1536x1023.jpeg 1536w, https:\/\/ecosdelsur.com\/wp-content\/uploads\/2026\/01\/VIDAL_2.jpeg 1600w\" data-sizes=\"(max-width: 800px) 100vw, 800px\" src=\"data:image\/svg+xml;base64,PHN2ZyB3aWR0aD0iMSIgaGVpZ2h0PSIxIiB4bWxucz0iaHR0cDovL3d3dy53My5vcmcvMjAwMC9zdmciPjwvc3ZnPg==\" style=\"--smush-placeholder-width: 800px; --smush-placeholder-aspect-ratio: 800\/533;\" \/><\/p>\n<p>El proceso de reactivaci\u00f3n ya tuvo un impacto directo en el empleo local, con un incremento de la dotaci\u00f3n de personal de 103 a 136 trabajadores, lo que representa un crecimiento del 32%, fortaleciendo la participaci\u00f3n de mano de obra santacruce\u00f1a en el sector energ\u00e9tico.<\/p>\n<p>Durante la visita, trabajadores del yacimiento destacaron la importancia de esta nueva etapa. \u201cDespu\u00e9s de muchos a\u00f1os de baja actividad, hoy volvemos a ver movimiento real en el yacimiento. La incorporaci\u00f3n de nuevos equipos significa m\u00e1s trabajo y mayor estabilidad para quienes somos de Santa Cruz\u201d, expres\u00f3 uno de los operarios. En la misma l\u00ednea, otro trabajador se\u00f1al\u00f3 que \u201cla llegada del segundo equipo de pulling nos permite recuperar pozos y trabajar con mejores condiciones. Se nota que hay una decisi\u00f3n concreta de reactivar la cuenca y apostar a la producci\u00f3n\u201d.<\/p>\n<p>Desde el Ministerio de Energ\u00eda y Miner\u00eda indicaron que la reactivaci\u00f3n de la base de Venoil y la incorporaci\u00f3n de nuevo equipamiento forman parte de una pol\u00edtica provincial orientada a recuperar la producci\u00f3n hidrocarbur\u00edfera, generar empleo genuino y consolidar el desarrollo energ\u00e9tico de Santa Cruz, en articulaci\u00f3n con el sector privado.<\/p>\n<\/div>\n","protected":false},"excerpt":{"rendered":"<p>Mi\u00e9rcoles, 28 Enero 2026 El gobernador de Santa Cruz, Claudio Vidal, junto al ministro de Energ\u00eda y Miner\u00eda, Jaime \u00c1lvarez,<\/p>\n","protected":false},"author":8,"featured_media":39179,"comment_status":"open","ping_status":"closed","sticky":false,"template":"","format":"standard","meta":{"footnotes":""},"categories":[87],"tags":[],"class_list":["post-39174","post","type-post","status-publish","format-standard","has-post-thumbnail","hentry","category-provinciales"],"_links":{"self":[{"href":"https:\/\/ecosdelsur.com\/index.php?rest_route=\/wp\/v2\/posts\/39174","targetHints":{"allow":["GET"]}}],"collection":[{"href":"https:\/\/ecosdelsur.com\/index.php?rest_route=\/wp\/v2\/posts"}],"about":[{"href":"https:\/\/ecosdelsur.com\/index.php?rest_route=\/wp\/v2\/types\/post"}],"author":[{"embeddable":true,"href":"https:\/\/ecosdelsur.com\/index.php?rest_route=\/wp\/v2\/users\/8"}],"replies":[{"embeddable":true,"href":"https:\/\/ecosdelsur.com\/index.php?rest_route=%2Fwp%2Fv2%2Fcomments&post=39174"}],"version-history":[{"count":1,"href":"https:\/\/ecosdelsur.com\/index.php?rest_route=\/wp\/v2\/posts\/39174\/revisions"}],"predecessor-version":[{"id":39180,"href":"https:\/\/ecosdelsur.com\/index.php?rest_route=\/wp\/v2\/posts\/39174\/revisions\/39180"}],"wp:featuredmedia":[{"embeddable":true,"href":"https:\/\/ecosdelsur.com\/index.php?rest_route=\/wp\/v2\/media\/39179"}],"wp:attachment":[{"href":"https:\/\/ecosdelsur.com\/index.php?rest_route=%2Fwp%2Fv2%2Fmedia&parent=39174"}],"wp:term":[{"taxonomy":"category","embeddable":true,"href":"https:\/\/ecosdelsur.com\/index.php?rest_route=%2Fwp%2Fv2%2Fcategories&post=39174"},{"taxonomy":"post_tag","embeddable":true,"href":"https:\/\/ecosdelsur.com\/index.php?rest_route=%2Fwp%2Fv2%2Ftags&post=39174"}],"curies":[{"name":"wp","href":"https:\/\/api.w.org\/{rel}","templated":true}]}}