{"id":38981,"date":"2026-01-21T03:49:00","date_gmt":"2026-01-21T06:49:00","guid":{"rendered":"https:\/\/ecosdelsur.com\/?p=38981"},"modified":"2026-01-21T03:49:05","modified_gmt":"2026-01-21T06:49:05","slug":"gremio-petrolero-se-declaro-en-alerta-por-llamado-a-paritarias","status":"publish","type":"post","link":"https:\/\/ecosdelsur.com\/?p=38981","title":{"rendered":"Gremio petrolero se declar\u00f3 en alerta por llamado a paritarias"},"content":{"rendered":"<header>\n<div class=\"row\">\n<div class=\"col-xs-12\">\n<div class=\"itemToolbar2\">\n<p><span class=\"itemDateCreated\" style=\"color: #ff0000;\">Martes, 20 Enero 2026\u00a0 <\/span>El Sindicato del Petr\u00f3leo, Gas y Energ\u00edas Renovables de Santa Cruz se declar\u00f3 en estado de alerta y movilizaci\u00f3n al no tener respuesta del sector empresarial al pedido de ajuste salarial.<\/p>\n<\/div>\n<\/div>\n<\/div>\n<\/header>\n<div class=\"head-image thumb-wrap relative\">\n<div class=\" gallery-container news-body-media media-expand\" data-td-script-src=\"https:\/\/www.elpatagonico.com\/js-custom\/elpatagonico\/jquery.min-min-version-1768881883.js,https:\/\/www.elpatagonico.com\/js-custom\/vendor\/owl.carousel\/dist\/owl.carousel.min-min-version-1768881883.js,https:\/\/www.elpatagonico.com\/js-custom\/elpatagonico\/detalle-galeria-min-version-1768881883.js\">\n<div id=\"detailNoteGallery\" class=\"snapshot-container\" data-ride=\"false\" data-interval=\"false\">\n<div id=\"fotogaleria-Object_6748_4842\" class=\"carousel-inner gallery\" role=\"listbox\">\n<div class=\"col2 owl-carousel owl-loaded\">\n<div class=\"owl-stage-outer owl-height\">\n<div class=\"owl-stage\">\n<div class=\"owl-item active\">\n<div class=\"image itemGallery classid8177810\">\n<figure class=\"figure-wrapper\"><img decoding=\"async\" title=\"Gremio petrolero se declar\u00f3 en alerta por llamado a paritarias\" data-src=\"https:\/\/media.elpatagonico.com\/p\/42105dbd737fad9870e9a12d450bbec5\/adjuntos\/193\/imagenes\/043\/113\/0043113220\/770x0\/smart\/rafa.jpg\" alt=\"Gremio petrolero se declar\u00f3 en alerta por llamado a paritarias\" width=\"767\" height=\"571\" longdesc=\"https:\/\/media.elpatagonico.com\/p\/42105dbd737fad9870e9a12d450bbec5\/adjuntos\/193\/imagenes\/043\/113\/0043113220\/770x0\/smart\/rafa.jpg\" src=\"data:image\/svg+xml;base64,PHN2ZyB3aWR0aD0iMSIgaGVpZ2h0PSIxIiB4bWxucz0iaHR0cDovL3d3dy53My5vcmcvMjAwMC9zdmciPjwvc3ZnPg==\" class=\"lazyload\" style=\"--smush-placeholder-width: 767px; --smush-placeholder-aspect-ratio: 767\/571;\" \/><\/figure>\n<figure class=\"figure-wrapper\"><\/figure>\n<\/div>\n<\/div>\n<\/div>\n<\/div>\n<\/div>\n<\/div>\n<\/div>\n<\/div>\n<\/div>\n<div class=\"cuerpo clearfix\">\n<p>El informe del SIPGER que lidera el secretario general Rafael G\u00fcenchen\u00e9n (foto),fue emitido este martes y precisa que \u201cla medida se adopta como consecuencia directa de la negativa del sector empresarial a dar respuesta al pedido de revisi\u00f3n del per\u00edodo paritario vigente, tal como se encuentra establecido en el \u00faltimo acuerdo salarial\u201d.<\/p>\n<p>\u201cEn un contexto de profunda complejidad para la actividad hidrocarbur\u00edfera en Santa Cruz, la falta de voluntad para discutir una adecuaci\u00f3n salarial resulta inadmisible\u201d, a\u00f1ade el comunicado.<\/p>\n<p>En ese mismo contexto se pone de manifiesto que \u201clos trabajadores santacruce\u00f1os venimos realizando un enorme esfuerzo para mitigar las consecuencias de la salida de YPF y de otras operadoras, situaci\u00f3n que ha provocado ca\u00edda de producci\u00f3n, p\u00e9rdida de puestos de trabajo, desinversi\u00f3n y un deterioro general de las condiciones de la industria en la provincia\u201d.<\/p>\n<p>\u201cFrente a este escenario, sostener una pauta salarial que ya qued\u00f3 desfasada por la realidad econ\u00f3mica nacional y del sector significa trasladar el peso de la crisis a quienes todos los d\u00edas sostienen la actividad\u201d.<\/p>\n<p>Correlativamente se destaca que \u201cdesde SIPGER advertimos que la pauta salarial vigente ha resultado insuficiente frente al impacto de la econom\u00eda real y el encarecimiento del costo de vida, y que la revisi\u00f3n paritaria no es un capricho: es un derecho previsto en los acuerdos y una herramienta b\u00e1sica para preservar el poder adquisitivo de los trabajadores\u201d.<\/p>\n<p>Finalmente hace saber que \u201cel sindicato permanecer\u00e1 en estado de alerta y movilizaci\u00f3n, con seguimiento permanente de la situaci\u00f3n y la adopci\u00f3n de las medidas gremiales que correspondan, hasta tanto el sector empresarial se siente a discutir seriamente una recomposici\u00f3n acorde a la realidad actual\u201d.<\/p>\n<\/div>\n","protected":false},"excerpt":{"rendered":"<p>Martes, 20 Enero 2026\u00a0 El Sindicato del Petr\u00f3leo, Gas y Energ\u00edas Renovables de Santa Cruz se declar\u00f3 en estado de<\/p>\n","protected":false},"author":8,"featured_media":38982,"comment_status":"open","ping_status":"closed","sticky":false,"template":"","format":"standard","meta":{"footnotes":""},"categories":[368],"tags":[],"class_list":["post-38981","post","type-post","status-publish","format-standard","has-post-thumbnail","hentry","category-gremiales"],"_links":{"self":[{"href":"https:\/\/ecosdelsur.com\/index.php?rest_route=\/wp\/v2\/posts\/38981","targetHints":{"allow":["GET"]}}],"collection":[{"href":"https:\/\/ecosdelsur.com\/index.php?rest_route=\/wp\/v2\/posts"}],"about":[{"href":"https:\/\/ecosdelsur.com\/index.php?rest_route=\/wp\/v2\/types\/post"}],"author":[{"embeddable":true,"href":"https:\/\/ecosdelsur.com\/index.php?rest_route=\/wp\/v2\/users\/8"}],"replies":[{"embeddable":true,"href":"https:\/\/ecosdelsur.com\/index.php?rest_route=%2Fwp%2Fv2%2Fcomments&post=38981"}],"version-history":[{"count":1,"href":"https:\/\/ecosdelsur.com\/index.php?rest_route=\/wp\/v2\/posts\/38981\/revisions"}],"predecessor-version":[{"id":38983,"href":"https:\/\/ecosdelsur.com\/index.php?rest_route=\/wp\/v2\/posts\/38981\/revisions\/38983"}],"wp:featuredmedia":[{"embeddable":true,"href":"https:\/\/ecosdelsur.com\/index.php?rest_route=\/wp\/v2\/media\/38982"}],"wp:attachment":[{"href":"https:\/\/ecosdelsur.com\/index.php?rest_route=%2Fwp%2Fv2%2Fmedia&parent=38981"}],"wp:term":[{"taxonomy":"category","embeddable":true,"href":"https:\/\/ecosdelsur.com\/index.php?rest_route=%2Fwp%2Fv2%2Fcategories&post=38981"},{"taxonomy":"post_tag","embeddable":true,"href":"https:\/\/ecosdelsur.com\/index.php?rest_route=%2Fwp%2Fv2%2Ftags&post=38981"}],"curies":[{"name":"wp","href":"https:\/\/api.w.org\/{rel}","templated":true}]}}