{"id":38974,"date":"2026-01-21T02:16:48","date_gmt":"2026-01-21T05:16:48","guid":{"rendered":"https:\/\/ecosdelsur.com\/?p=38974"},"modified":"2026-01-21T02:16:48","modified_gmt":"2026-01-21T05:16:48","slug":"uneposc-adjudico-obra-de-defensa-portuaria-en-el-puerto-caleta-paula","status":"publish","type":"post","link":"https:\/\/ecosdelsur.com\/?p=38974","title":{"rendered":"UNEPOSC adjudic\u00f3 obra de defensa portuaria en el Puerto Caleta Paula"},"content":{"rendered":"<div class=\"itemToolbar2\">\n<p><span style=\"color: #ff0000;\">\u00a0<span class=\"itemDateCreated\">Martes, 20 Enero 2026 &#8211; <\/span><\/span>En un paso significativo para la recuperaci\u00f3n y normalizaci\u00f3n de la infraestructura portuaria en el norte provincial, la Unidad Ejecutora Portuaria de Santa Cruz (UNEPOSC), dependiente del Ministerio de la Producci\u00f3n, Comercio e Industria, adjudic\u00f3 la obra destinada a la reparaci\u00f3n y colocaci\u00f3n de defensas en el sitio n\u00famero 3 del muelle principal del Puerto Caleta Paula, con un presupuesto superior a 850 millones de pesos. <img decoding=\"async\" class=\"alignnone size-full wp-image-38977 lazyload\" data-src=\"https:\/\/ecosdelsur.com\/wp-content\/uploads\/2026\/01\/WhatsApp_Image_2026-01-20_at_8.18.10_PM.jpeg\" alt=\"\" width=\"901\" height=\"646\" data-srcset=\"https:\/\/ecosdelsur.com\/wp-content\/uploads\/2026\/01\/WhatsApp_Image_2026-01-20_at_8.18.10_PM.jpeg 901w, https:\/\/ecosdelsur.com\/wp-content\/uploads\/2026\/01\/WhatsApp_Image_2026-01-20_at_8.18.10_PM-300x215.jpeg 300w, https:\/\/ecosdelsur.com\/wp-content\/uploads\/2026\/01\/WhatsApp_Image_2026-01-20_at_8.18.10_PM-768x551.jpeg 768w\" data-sizes=\"(max-width: 901px) 100vw, 901px\" src=\"data:image\/svg+xml;base64,PHN2ZyB3aWR0aD0iMSIgaGVpZ2h0PSIxIiB4bWxucz0iaHR0cDovL3d3dy53My5vcmcvMjAwMC9zdmciPjwvc3ZnPg==\" style=\"--smush-placeholder-width: 901px; --smush-placeholder-aspect-ratio: 901\/646;\" \/><\/p>\n<\/div>\n<div class=\"itemFullText\">\n<p>La empresa IESA result\u00f3 adjudicataria de este contrato que tiene como objetivo reforzar sectores operativos del muelle para garantizar mejores condiciones de seguridad, maniobra y amarre de embarcaciones. La apertura de sobres se realiz\u00f3 en la ciudad de Caleta Olivia en presencia de autoridades provinciales, representantes de empresas oferentes y equipos t\u00e9cnicos, dando cumplimiento a los procedimientos administrativos previstos para este tipo de intervenciones.<img decoding=\"async\" class=\"alignnone size-full wp-image-38976 lazyload\" data-src=\"https:\/\/ecosdelsur.com\/wp-content\/uploads\/2026\/01\/WhatsApp_Image_2026-01-20_at_8.18.09_PM_1.jpeg\" alt=\"\" width=\"1024\" height=\"637\" data-srcset=\"https:\/\/ecosdelsur.com\/wp-content\/uploads\/2026\/01\/WhatsApp_Image_2026-01-20_at_8.18.09_PM_1.jpeg 1024w, https:\/\/ecosdelsur.com\/wp-content\/uploads\/2026\/01\/WhatsApp_Image_2026-01-20_at_8.18.09_PM_1-300x187.jpeg 300w, https:\/\/ecosdelsur.com\/wp-content\/uploads\/2026\/01\/WhatsApp_Image_2026-01-20_at_8.18.09_PM_1-768x478.jpeg 768w\" data-sizes=\"(max-width: 1024px) 100vw, 1024px\" src=\"data:image\/svg+xml;base64,PHN2ZyB3aWR0aD0iMSIgaGVpZ2h0PSIxIiB4bWxucz0iaHR0cDovL3d3dy53My5vcmcvMjAwMC9zdmciPjwvc3ZnPg==\" style=\"--smush-placeholder-width: 1024px; --smush-placeholder-aspect-ratio: 1024\/637;\" \/><\/p>\n<p>Acompa\u00f1ado por la administradora del Puerto, Isabel Vazquez, el coordinador general de UNEPOSC, Walter Uribe, destac\u00f3 la importancia de esta etapa y puso en valor la recuperaci\u00f3n de infraestructura que hab\u00eda quedado relegada en a\u00f1os recientes. Uribe afirm\u00f3 que \u201cla adjudicaci\u00f3n de esta obra es un avance concreto para mejorar la operatividad del puerto, restituir capacidades log\u00edsticas y sostener la actividad diaria de los sectores productivos y pesqueros que utilizan Caleta Paula&#8221;.<img decoding=\"async\" class=\"alignnone size-full wp-image-38978 lazyload\" data-src=\"https:\/\/ecosdelsur.com\/wp-content\/uploads\/2026\/01\/WhatsApp_Image_2026-01-20_at_8.18.12_PM.jpeg\" alt=\"\" width=\"955\" height=\"562\" data-srcset=\"https:\/\/ecosdelsur.com\/wp-content\/uploads\/2026\/01\/WhatsApp_Image_2026-01-20_at_8.18.12_PM.jpeg 955w, https:\/\/ecosdelsur.com\/wp-content\/uploads\/2026\/01\/WhatsApp_Image_2026-01-20_at_8.18.12_PM-300x177.jpeg 300w, https:\/\/ecosdelsur.com\/wp-content\/uploads\/2026\/01\/WhatsApp_Image_2026-01-20_at_8.18.12_PM-768x452.jpeg 768w\" data-sizes=\"(max-width: 955px) 100vw, 955px\" src=\"data:image\/svg+xml;base64,PHN2ZyB3aWR0aD0iMSIgaGVpZ2h0PSIxIiB4bWxucz0iaHR0cDovL3d3dy53My5vcmcvMjAwMC9zdmciPjwvc3ZnPg==\" style=\"--smush-placeholder-width: 955px; --smush-placeholder-aspect-ratio: 955\/562;\" \/><\/p>\n<p>La intervenci\u00f3n proyectada contempla trabajos de reparaci\u00f3n de defensas que contribuir\u00e1n a consolidar la funcionalidad de la d\u00e1rsena y permitir\u00e1 avanzar en etapas posteriores de acondicionamiento de otros sitios del muelle.<\/p>\n<p>Desde el Ministerio de la Producci\u00f3n, se subray\u00f3 que esta adjudicaci\u00f3n forma parte de una agenda m\u00e1s amplia de recuperaci\u00f3n portuaria, que incluye mejoras en infraestructura, balizamiento y servicios complementarios, con el objetivo de consolidar a Caleta Paula como un nodo operativo seguro y competitivo en el marco del desarrollo productivo santacruce\u00f1o.<\/p>\n<p>La ejecuci\u00f3n de esta obra se enmarca en una visi\u00f3n provincial de largo plazo para fortalecer la infraestructura mar\u00edtima y log\u00edstica de Santa Cruz, apoyar la cadena productiva pesquera e industrial y generar condiciones que favorezcan el crecimiento econ\u00f3mico y social de las comunidades vinculadas al sistema portuario.<\/p>\n<\/div>\n","protected":false},"excerpt":{"rendered":"<p>\u00a0Martes, 20 Enero 2026 &#8211; En un paso significativo para la recuperaci\u00f3n y normalizaci\u00f3n de la infraestructura portuaria en el<\/p>\n","protected":false},"author":8,"featured_media":38975,"comment_status":"open","ping_status":"closed","sticky":false,"template":"","format":"standard","meta":{"footnotes":""},"categories":[35],"tags":[],"class_list":["post-38974","post","type-post","status-publish","format-standard","has-post-thumbnail","hentry","category-sociedad"],"_links":{"self":[{"href":"https:\/\/ecosdelsur.com\/index.php?rest_route=\/wp\/v2\/posts\/38974","targetHints":{"allow":["GET"]}}],"collection":[{"href":"https:\/\/ecosdelsur.com\/index.php?rest_route=\/wp\/v2\/posts"}],"about":[{"href":"https:\/\/ecosdelsur.com\/index.php?rest_route=\/wp\/v2\/types\/post"}],"author":[{"embeddable":true,"href":"https:\/\/ecosdelsur.com\/index.php?rest_route=\/wp\/v2\/users\/8"}],"replies":[{"embeddable":true,"href":"https:\/\/ecosdelsur.com\/index.php?rest_route=%2Fwp%2Fv2%2Fcomments&post=38974"}],"version-history":[{"count":1,"href":"https:\/\/ecosdelsur.com\/index.php?rest_route=\/wp\/v2\/posts\/38974\/revisions"}],"predecessor-version":[{"id":38979,"href":"https:\/\/ecosdelsur.com\/index.php?rest_route=\/wp\/v2\/posts\/38974\/revisions\/38979"}],"wp:featuredmedia":[{"embeddable":true,"href":"https:\/\/ecosdelsur.com\/index.php?rest_route=\/wp\/v2\/media\/38975"}],"wp:attachment":[{"href":"https:\/\/ecosdelsur.com\/index.php?rest_route=%2Fwp%2Fv2%2Fmedia&parent=38974"}],"wp:term":[{"taxonomy":"category","embeddable":true,"href":"https:\/\/ecosdelsur.com\/index.php?rest_route=%2Fwp%2Fv2%2Fcategories&post=38974"},{"taxonomy":"post_tag","embeddable":true,"href":"https:\/\/ecosdelsur.com\/index.php?rest_route=%2Fwp%2Fv2%2Ftags&post=38974"}],"curies":[{"name":"wp","href":"https:\/\/api.w.org\/{rel}","templated":true}]}}