{"id":38961,"date":"2026-01-21T00:58:21","date_gmt":"2026-01-21T03:58:21","guid":{"rendered":"https:\/\/ecosdelsur.com\/?p=38961"},"modified":"2026-01-21T01:03:32","modified_gmt":"2026-01-21T04:03:32","slug":"positiva-propuesta-en-el-circuito-natural-de-la-chacra-municipal-punto-organico","status":"publish","type":"post","link":"https:\/\/ecosdelsur.com\/?p=38961","title":{"rendered":"Positiva propuesta en el circuito natural de la chacra municipal Punto Org\u00e1nico"},"content":{"rendered":"<header class=\"entry-header\"><span style=\"color: #ff0000; font-size: 16px;\">19 de enero de 2026 <\/span>En el marco de la Fiesta de la N\u00e1utica y del Turismo el equipo de Punto Org\u00e1nico organiz\u00f3 una actividad, que se desarroll\u00f3 durante los tres d\u00edas del evento, donde m\u00e1s de un centenar de vecinos y turistas realizaron el recorrido por la chacra municipal para conocer toda la producci\u00f3n regional.<img decoding=\"async\" class=\"alignnone size-full wp-image-38964 lazyload\" data-src=\"https:\/\/ecosdelsur.com\/wp-content\/uploads\/2026\/01\/reco-3.jpg\" alt=\"\" width=\"1024\" height=\"608\" data-srcset=\"https:\/\/ecosdelsur.com\/wp-content\/uploads\/2026\/01\/reco-3.jpg 1024w, https:\/\/ecosdelsur.com\/wp-content\/uploads\/2026\/01\/reco-3-300x178.jpg 300w, https:\/\/ecosdelsur.com\/wp-content\/uploads\/2026\/01\/reco-3-768x456.jpg 768w\" data-sizes=\"(max-width: 1024px) 100vw, 1024px\" src=\"data:image\/svg+xml;base64,PHN2ZyB3aWR0aD0iMSIgaGVpZ2h0PSIxIiB4bWxucz0iaHR0cDovL3d3dy53My5vcmcvMjAwMC9zdmciPjwvc3ZnPg==\" style=\"--smush-placeholder-width: 1024px; --smush-placeholder-aspect-ratio: 1024\/608;\" \/><\/header>\n<div class=\"entry-content si-entry\">\n<figure class=\"wp-block-image size-large\"><\/figure>\n<p>Dicho paseo recorre un sendero natural entre \u00e1rboles, invernaderos, vi\u00f1edo y el flamante Mercado Agroecol\u00f3gico que cuenta con una gran variedad de productos frescos de la zona, entre los que se encuentran verduras, frutas, chacinados, escabeches, entre otros. Adem\u00e1s, los visitantes pudieron degustar un rico desayuno o merienda, realizaron cabalgatas y participaron de sorteos.<img decoding=\"async\" class=\"alignnone size-full wp-image-38967 lazyload\" data-src=\"https:\/\/ecosdelsur.com\/wp-content\/uploads\/2026\/01\/reco-6.jpg\" alt=\"\" width=\"1024\" height=\"678\" data-srcset=\"https:\/\/ecosdelsur.com\/wp-content\/uploads\/2026\/01\/reco-6.jpg 1024w, https:\/\/ecosdelsur.com\/wp-content\/uploads\/2026\/01\/reco-6-300x199.jpg 300w, https:\/\/ecosdelsur.com\/wp-content\/uploads\/2026\/01\/reco-6-768x509.jpg 768w\" data-sizes=\"(max-width: 1024px) 100vw, 1024px\" src=\"data:image\/svg+xml;base64,PHN2ZyB3aWR0aD0iMSIgaGVpZ2h0PSIxIiB4bWxucz0iaHR0cDovL3d3dy53My5vcmcvMjAwMC9zdmciPjwvc3ZnPg==\" style=\"--smush-placeholder-width: 1024px; --smush-placeholder-aspect-ratio: 1024\/678;\" \/><\/p>\n<figure class=\"wp-block-image size-large\"><\/figure>\n<p>Al respecto, Gabriela Anderson, integrante de Punto Org\u00e1nico, destac\u00f3 la gran participaci\u00f3n de la comunidad caletense que se acerc\u00f3 a conocer este espacio que creci\u00f3 considerablemente en los \u00faltimos a\u00f1os gracias al compromiso del personal municipal.<img decoding=\"async\" class=\"alignnone size-full wp-image-38965 lazyload\" data-src=\"https:\/\/ecosdelsur.com\/wp-content\/uploads\/2026\/01\/reco-4.jpg\" alt=\"\" width=\"1024\" height=\"645\" data-srcset=\"https:\/\/ecosdelsur.com\/wp-content\/uploads\/2026\/01\/reco-4.jpg 1024w, https:\/\/ecosdelsur.com\/wp-content\/uploads\/2026\/01\/reco-4-300x189.jpg 300w, https:\/\/ecosdelsur.com\/wp-content\/uploads\/2026\/01\/reco-4-768x484.jpg 768w\" data-sizes=\"(max-width: 1024px) 100vw, 1024px\" src=\"data:image\/svg+xml;base64,PHN2ZyB3aWR0aD0iMSIgaGVpZ2h0PSIxIiB4bWxucz0iaHR0cDovL3d3dy53My5vcmcvMjAwMC9zdmciPjwvc3ZnPg==\" style=\"--smush-placeholder-width: 1024px; --smush-placeholder-aspect-ratio: 1024\/645;\" \/><\/p>\n<p>\u201cFueron jornadas muy exitosas donde tambi\u00e9n tuvimos la oportunidad de contar con m\u00fasica en vivo. Igualmente, ofrecimos productos locales, como tablas de fiambres, entre otros, la verdad que una buena propuesta distinta para pasar un lindo fin de semana\u201d, cerr\u00f3<img decoding=\"async\" class=\"alignnone size-full wp-image-38969 lazyload\" data-src=\"https:\/\/ecosdelsur.com\/wp-content\/uploads\/2026\/01\/reco-8.jpg\" alt=\"\" width=\"1024\" height=\"633\" data-srcset=\"https:\/\/ecosdelsur.com\/wp-content\/uploads\/2026\/01\/reco-8.jpg 1024w, https:\/\/ecosdelsur.com\/wp-content\/uploads\/2026\/01\/reco-8-300x185.jpg 300w, https:\/\/ecosdelsur.com\/wp-content\/uploads\/2026\/01\/reco-8-768x475.jpg 768w\" data-sizes=\"(max-width: 1024px) 100vw, 1024px\" src=\"data:image\/svg+xml;base64,PHN2ZyB3aWR0aD0iMSIgaGVpZ2h0PSIxIiB4bWxucz0iaHR0cDovL3d3dy53My5vcmcvMjAwMC9zdmciPjwvc3ZnPg==\" style=\"--smush-placeholder-width: 1024px; --smush-placeholder-aspect-ratio: 1024\/633;\" \/><\/p>\n<\/div>\n","protected":false},"excerpt":{"rendered":"<p>19 de enero de 2026 En el marco de la Fiesta de la N\u00e1utica y del Turismo el equipo de<\/p>\n","protected":false},"author":8,"featured_media":38962,"comment_status":"open","ping_status":"closed","sticky":false,"template":"","format":"standard","meta":{"footnotes":""},"categories":[35],"tags":[],"class_list":["post-38961","post","type-post","status-publish","format-standard","has-post-thumbnail","hentry","category-sociedad"],"_links":{"self":[{"href":"https:\/\/ecosdelsur.com\/index.php?rest_route=\/wp\/v2\/posts\/38961","targetHints":{"allow":["GET"]}}],"collection":[{"href":"https:\/\/ecosdelsur.com\/index.php?rest_route=\/wp\/v2\/posts"}],"about":[{"href":"https:\/\/ecosdelsur.com\/index.php?rest_route=\/wp\/v2\/types\/post"}],"author":[{"embeddable":true,"href":"https:\/\/ecosdelsur.com\/index.php?rest_route=\/wp\/v2\/users\/8"}],"replies":[{"embeddable":true,"href":"https:\/\/ecosdelsur.com\/index.php?rest_route=%2Fwp%2Fv2%2Fcomments&post=38961"}],"version-history":[{"count":1,"href":"https:\/\/ecosdelsur.com\/index.php?rest_route=\/wp\/v2\/posts\/38961\/revisions"}],"predecessor-version":[{"id":38970,"href":"https:\/\/ecosdelsur.com\/index.php?rest_route=\/wp\/v2\/posts\/38961\/revisions\/38970"}],"wp:featuredmedia":[{"embeddable":true,"href":"https:\/\/ecosdelsur.com\/index.php?rest_route=\/wp\/v2\/media\/38962"}],"wp:attachment":[{"href":"https:\/\/ecosdelsur.com\/index.php?rest_route=%2Fwp%2Fv2%2Fmedia&parent=38961"}],"wp:term":[{"taxonomy":"category","embeddable":true,"href":"https:\/\/ecosdelsur.com\/index.php?rest_route=%2Fwp%2Fv2%2Fcategories&post=38961"},{"taxonomy":"post_tag","embeddable":true,"href":"https:\/\/ecosdelsur.com\/index.php?rest_route=%2Fwp%2Fv2%2Ftags&post=38961"}],"curies":[{"name":"wp","href":"https:\/\/api.w.org\/{rel}","templated":true}]}}