{"id":38949,"date":"2026-01-20T21:04:03","date_gmt":"2026-01-21T00:04:03","guid":{"rendered":"https:\/\/ecosdelsur.com\/?p=38949"},"modified":"2026-01-21T00:29:03","modified_gmt":"2026-01-21T03:29:03","slug":"38949","status":"publish","type":"post","link":"https:\/\/ecosdelsur.com\/?p=38949","title":{"rendered":"Una multitud disfruto de la tercera edici\u00f3n de la Fiesta de la N\u00e1utica y del Turismo 2026"},"content":{"rendered":"<header class=\"entry-header\"><span class=\"posted-on\" style=\"color: #ff0000;\">20 de enero de 2026 <\/span><span style=\"font-size: 16px;\">Una vez m\u00e1s el evento que re\u00fane tanto a los amantes de las actividades n\u00e1uticas, como de los espect\u00e1culos al aire libre disfrutaron de tres jornadas que contaron con un sinf\u00edn de propuestas para toda la familia. <img decoding=\"async\" class=\"alignnone size-full wp-image-38959 lazyload\" data-src=\"https:\/\/ecosdelsur.com\/wp-content\/uploads\/2026\/01\/noche1.jpg\" alt=\"\" width=\"1024\" height=\"576\" data-srcset=\"https:\/\/ecosdelsur.com\/wp-content\/uploads\/2026\/01\/noche1.jpg 1024w, https:\/\/ecosdelsur.com\/wp-content\/uploads\/2026\/01\/noche1-300x169.jpg 300w, https:\/\/ecosdelsur.com\/wp-content\/uploads\/2026\/01\/noche1-768x432.jpg 768w\" data-sizes=\"(max-width: 1024px) 100vw, 1024px\" src=\"data:image\/svg+xml;base64,PHN2ZyB3aWR0aD0iMSIgaGVpZ2h0PSIxIiB4bWxucz0iaHR0cDovL3d3dy53My5vcmcvMjAwMC9zdmciPjwvc3ZnPg==\" style=\"--smush-placeholder-width: 1024px; --smush-placeholder-aspect-ratio: 1024\/576;\" \/>Entre ellas, un interesante paseo de productores que ofreci\u00f3 una amplia variedad de productos tanto gastron\u00f3micos como artesanales.<\/span><\/header>\n<div class=\"entry-content si-entry\">\n<figure class=\"wp-block-image size-large\"><img decoding=\"async\" class=\"wp-image-16766 lazyload\" data-src=\"https:\/\/caletaolivia.gov.ar\/wp-content\/uploads\/2026\/01\/IMG-20260120-WA0010-1024x685.jpg\" data-sizes=\"(max-width: 1024px) 100vw, 1024px\" data-srcset=\"https:\/\/caletaolivia.gov.ar\/wp-content\/uploads\/2026\/01\/IMG-20260120-WA0010-1024x685.jpg 1024w, https:\/\/caletaolivia.gov.ar\/wp-content\/uploads\/2026\/01\/IMG-20260120-WA0010-300x201.jpg 300w, https:\/\/caletaolivia.gov.ar\/wp-content\/uploads\/2026\/01\/IMG-20260120-WA0010-768x514.jpg 768w, https:\/\/caletaolivia.gov.ar\/wp-content\/uploads\/2026\/01\/IMG-20260120-WA0010.jpg 1280w\" alt=\"\" width=\"1024\" height=\"685\" src=\"data:image\/svg+xml;base64,PHN2ZyB3aWR0aD0iMSIgaGVpZ2h0PSIxIiB4bWxucz0iaHR0cDovL3d3dy53My5vcmcvMjAwMC9zdmciPjwvc3ZnPg==\" style=\"--smush-placeholder-width: 1024px; --smush-placeholder-aspect-ratio: 1024\/685;\" \/><\/figure>\n<p>Tambi\u00e9n la m\u00fasica en vivo estuvo presente de la mano de n\u00fameros locales y nacionales gracias al aporte de empresas privadas. Asimismo, cont\u00f3 con diversas actividades deportivas como newcom playero, voley beach, clases abiertas de fitness, zumba, paseos en bote, clases en aguas abiertas, kayak, visitas guiadas, entre muchas otras actividades. Por ello esta fiesta se posiciona como la m\u00e1s completa de la regi\u00f3n.<img decoding=\"async\" class=\"alignnone size-full wp-image-38958 lazyload\" data-src=\"https:\/\/ecosdelsur.com\/wp-content\/uploads\/2026\/01\/noche.jpg\" alt=\"\" width=\"1024\" height=\"576\" data-srcset=\"https:\/\/ecosdelsur.com\/wp-content\/uploads\/2026\/01\/noche.jpg 1024w, https:\/\/ecosdelsur.com\/wp-content\/uploads\/2026\/01\/noche-300x169.jpg 300w, https:\/\/ecosdelsur.com\/wp-content\/uploads\/2026\/01\/noche-768x432.jpg 768w\" data-sizes=\"(max-width: 1024px) 100vw, 1024px\" src=\"data:image\/svg+xml;base64,PHN2ZyB3aWR0aD0iMSIgaGVpZ2h0PSIxIiB4bWxucz0iaHR0cDovL3d3dy53My5vcmcvMjAwMC9zdmciPjwvc3ZnPg==\" style=\"--smush-placeholder-width: 1024px; --smush-placeholder-aspect-ratio: 1024\/576;\" \/><\/p>\n<figure class=\"wp-block-image size-large\"><\/figure>\n<p>En este contexto, el intendente Pablo Carrizo, destac\u00f3 la importancia de llegar al final de las tres jornadas con una masiva concurrencia y con gran \u00e9xito.<\/p>\n<p>\u201cAgradecemos a cada uno de los trabajadores de las distintas \u00e1reas que hicieron posible que lleguemos a este d\u00eda de la mejor manera, a los comerciantes y a los empresarios que tuvieron un gesto importante para los caletenses, la verdad que hay mucho compromiso y se cumplieron todas nuestras expectativas\u201d, culmin\u00f3.<\/p>\n<figure class=\"wp-block-image size-large\"><img decoding=\"async\" class=\"wp-image-16767 lazyload\" data-src=\"https:\/\/caletaolivia.gov.ar\/wp-content\/uploads\/2026\/01\/IMG-20260120-WA0008-1024x685.jpg\" data-sizes=\"(max-width: 1024px) 100vw, 1024px\" data-srcset=\"https:\/\/caletaolivia.gov.ar\/wp-content\/uploads\/2026\/01\/IMG-20260120-WA0008-1024x685.jpg 1024w, https:\/\/caletaolivia.gov.ar\/wp-content\/uploads\/2026\/01\/IMG-20260120-WA0008-300x201.jpg 300w, https:\/\/caletaolivia.gov.ar\/wp-content\/uploads\/2026\/01\/IMG-20260120-WA0008-768x514.jpg 768w, https:\/\/caletaolivia.gov.ar\/wp-content\/uploads\/2026\/01\/IMG-20260120-WA0008.jpg 1280w\" alt=\"\" width=\"1024\" height=\"685\" src=\"data:image\/svg+xml;base64,PHN2ZyB3aWR0aD0iMSIgaGVpZ2h0PSIxIiB4bWxucz0iaHR0cDovL3d3dy53My5vcmcvMjAwMC9zdmciPjwvc3ZnPg==\" style=\"--smush-placeholder-width: 1024px; --smush-placeholder-aspect-ratio: 1024\/685;\" \/><\/figure>\n<p>De esta forma cerr\u00f3 una de las fiestas m\u00e1s populares a nivel regional y que poco a poco se va posicionando a nivel nacional debido a la significativa labor de la Municipalidad, que desarrolla este tipo de eventos que invitan a todo los visitantes a conocer las costas m\u00e1s lindas del norte santacruce\u00f1o.<\/p>\n<\/div>\n","protected":false},"excerpt":{"rendered":"<p>20 de enero de 2026 Una vez m\u00e1s el evento que re\u00fane tanto a los amantes de las actividades n\u00e1uticas,<\/p>\n","protected":false},"author":8,"featured_media":38950,"comment_status":"open","ping_status":"closed","sticky":false,"template":"","format":"standard","meta":{"footnotes":""},"categories":[40],"tags":[],"class_list":["post-38949","post","type-post","status-publish","format-standard","has-post-thumbnail","hentry","category-municipales"],"_links":{"self":[{"href":"https:\/\/ecosdelsur.com\/index.php?rest_route=\/wp\/v2\/posts\/38949","targetHints":{"allow":["GET"]}}],"collection":[{"href":"https:\/\/ecosdelsur.com\/index.php?rest_route=\/wp\/v2\/posts"}],"about":[{"href":"https:\/\/ecosdelsur.com\/index.php?rest_route=\/wp\/v2\/types\/post"}],"author":[{"embeddable":true,"href":"https:\/\/ecosdelsur.com\/index.php?rest_route=\/wp\/v2\/users\/8"}],"replies":[{"embeddable":true,"href":"https:\/\/ecosdelsur.com\/index.php?rest_route=%2Fwp%2Fv2%2Fcomments&post=38949"}],"version-history":[{"count":4,"href":"https:\/\/ecosdelsur.com\/index.php?rest_route=\/wp\/v2\/posts\/38949\/revisions"}],"predecessor-version":[{"id":38960,"href":"https:\/\/ecosdelsur.com\/index.php?rest_route=\/wp\/v2\/posts\/38949\/revisions\/38960"}],"wp:featuredmedia":[{"embeddable":true,"href":"https:\/\/ecosdelsur.com\/index.php?rest_route=\/wp\/v2\/media\/38950"}],"wp:attachment":[{"href":"https:\/\/ecosdelsur.com\/index.php?rest_route=%2Fwp%2Fv2%2Fmedia&parent=38949"}],"wp:term":[{"taxonomy":"category","embeddable":true,"href":"https:\/\/ecosdelsur.com\/index.php?rest_route=%2Fwp%2Fv2%2Fcategories&post=38949"},{"taxonomy":"post_tag","embeddable":true,"href":"https:\/\/ecosdelsur.com\/index.php?rest_route=%2Fwp%2Fv2%2Ftags&post=38949"}],"curies":[{"name":"wp","href":"https:\/\/api.w.org\/{rel}","templated":true}]}}