{"id":38895,"date":"2026-01-16T02:51:15","date_gmt":"2026-01-16T05:51:15","guid":{"rendered":"https:\/\/ecosdelsur.com\/?p=38895"},"modified":"2026-01-16T02:51:19","modified_gmt":"2026-01-16T05:51:19","slug":"el-gobierno-de-santa-cruz-avanza-la-articulacion-de-las-areas-de-personal-del-estado-provincial","status":"publish","type":"post","link":"https:\/\/ecosdelsur.com\/?p=38895","title":{"rendered":"El Gobierno de Santa Cruz avanza la articulaci\u00f3n de las \u00e1reas de Personal del Estado Provincial"},"content":{"rendered":"<div class=\"itemToolbar2\">\n<p><span class=\"itemDateCreated\" style=\"color: #ff0000;\">Jueves, 15 Enero 2026 &#8211; <\/span>En el marco de las pol\u00edticas de gesti\u00f3n del Estado, se realiz\u00f3 un nuevo encuentro de trabajo con las \u00e1reas de Personal, orientado a unificar criterios y optimizar los procesos administrativos. El mismo tuvo lugar en la Sala Gobernador Gregores de Casa de Gobierno.<img decoding=\"async\" class=\"alignnone size-full wp-image-38896 lazyload\" data-src=\"https:\/\/ecosdelsur.com\/wp-content\/uploads\/2026\/01\/ea978cd1604678b62e95cf585f015c2e_XL.jpg\" alt=\"\" width=\"900\" height=\"600\" data-srcset=\"https:\/\/ecosdelsur.com\/wp-content\/uploads\/2026\/01\/ea978cd1604678b62e95cf585f015c2e_XL.jpg 900w, https:\/\/ecosdelsur.com\/wp-content\/uploads\/2026\/01\/ea978cd1604678b62e95cf585f015c2e_XL-300x200.jpg 300w, https:\/\/ecosdelsur.com\/wp-content\/uploads\/2026\/01\/ea978cd1604678b62e95cf585f015c2e_XL-768x512.jpg 768w\" data-sizes=\"(max-width: 900px) 100vw, 900px\" src=\"data:image\/svg+xml;base64,PHN2ZyB3aWR0aD0iMSIgaGVpZ2h0PSIxIiB4bWxucz0iaHR0cDovL3d3dy53My5vcmcvMjAwMC9zdmciPjwvc3ZnPg==\" style=\"--smush-placeholder-width: 900px; --smush-placeholder-aspect-ratio: 900\/600;\" \/><\/p>\n<\/div>\n<div class=\"itemFullText\">\n<p>Ayer, se llev\u00f3 adelante la segunda reuni\u00f3n entre las \u00e1reas de Personal de los organismos que integran el Estado Provincial y la Subsecretar\u00eda de Fortalecimiento del Empleo y Recursos Humanos, dependiente del Ministerio Secretar\u00eda General de la Gobernaci\u00f3n.<\/p>\n<p>Durante el encuentro se abordaron aspectos vinculados a la estructura org\u00e1nica de las \u00e1reas, con el objetivo de analizar estrategias orientadas a fortalecer y optimizar su funcionamiento. Asimismo, se unificaron criterios para el otorgamiento de licencias, conforme a lo establecido en el Convenio Colectivo General de Trabajo para la Administraci\u00f3n P\u00fablica Provincial, y se remarc\u00f3 la importancia de realizar en tiempo y forma las renovaciones de contratos de locaci\u00f3n.<\/p>\n<p>En este contexto, se avanz\u00f3 en la conformaci\u00f3n de una agenda com\u00fan y en la elaboraci\u00f3n de un Manual de Procedimientos Administrativos para las \u00e1reas de Personal y Recursos Humanos, que establezca circuitos y mecanismos de interacci\u00f3n entre los distintos organismos, con el fin de brindar un servicio m\u00e1s \u00e1gil y eficiente.<\/p>\n<p>Esta modalidad de trabajo continuar\u00e1 desarroll\u00e1ndose como parte de la pol\u00edtica p\u00fablica impulsada por la ministra de la Secretar\u00eda General de la Gobernaci\u00f3n, Soledad Boggio, con \u00e9nfasis en la transversalidad como eje para el fortalecimiento de la gesti\u00f3n gubernamental.<\/p>\n<\/div>\n","protected":false},"excerpt":{"rendered":"<p>Jueves, 15 Enero 2026 &#8211; En el marco de las pol\u00edticas de gesti\u00f3n del Estado, se realiz\u00f3 un nuevo encuentro<\/p>\n","protected":false},"author":8,"featured_media":38897,"comment_status":"open","ping_status":"closed","sticky":false,"template":"","format":"standard","meta":{"footnotes":""},"categories":[33],"tags":[],"class_list":["post-38895","post","type-post","status-publish","format-standard","has-post-thumbnail","hentry","category-politica"],"_links":{"self":[{"href":"https:\/\/ecosdelsur.com\/index.php?rest_route=\/wp\/v2\/posts\/38895","targetHints":{"allow":["GET"]}}],"collection":[{"href":"https:\/\/ecosdelsur.com\/index.php?rest_route=\/wp\/v2\/posts"}],"about":[{"href":"https:\/\/ecosdelsur.com\/index.php?rest_route=\/wp\/v2\/types\/post"}],"author":[{"embeddable":true,"href":"https:\/\/ecosdelsur.com\/index.php?rest_route=\/wp\/v2\/users\/8"}],"replies":[{"embeddable":true,"href":"https:\/\/ecosdelsur.com\/index.php?rest_route=%2Fwp%2Fv2%2Fcomments&post=38895"}],"version-history":[{"count":1,"href":"https:\/\/ecosdelsur.com\/index.php?rest_route=\/wp\/v2\/posts\/38895\/revisions"}],"predecessor-version":[{"id":38898,"href":"https:\/\/ecosdelsur.com\/index.php?rest_route=\/wp\/v2\/posts\/38895\/revisions\/38898"}],"wp:featuredmedia":[{"embeddable":true,"href":"https:\/\/ecosdelsur.com\/index.php?rest_route=\/wp\/v2\/media\/38897"}],"wp:attachment":[{"href":"https:\/\/ecosdelsur.com\/index.php?rest_route=%2Fwp%2Fv2%2Fmedia&parent=38895"}],"wp:term":[{"taxonomy":"category","embeddable":true,"href":"https:\/\/ecosdelsur.com\/index.php?rest_route=%2Fwp%2Fv2%2Fcategories&post=38895"},{"taxonomy":"post_tag","embeddable":true,"href":"https:\/\/ecosdelsur.com\/index.php?rest_route=%2Fwp%2Fv2%2Ftags&post=38895"}],"curies":[{"name":"wp","href":"https:\/\/api.w.org\/{rel}","templated":true}]}}