{"id":38857,"date":"2026-01-10T01:07:33","date_gmt":"2026-01-10T04:07:33","guid":{"rendered":"https:\/\/ecosdelsur.com\/?p=38857"},"modified":"2026-01-10T02:07:54","modified_gmt":"2026-01-10T05:07:54","slug":"aseguran-salario-de-verano-a-cooperativistas-de-limpieza","status":"publish","type":"post","link":"https:\/\/ecosdelsur.com\/?p=38857","title":{"rendered":"Aseguran salario de verano a cooperativistas de limpieza"},"content":{"rendered":"<header>\n<div class=\"row\">\n<div class=\"col-xs-12\">\n<div class=\"itemToolbar2\">\n<p><span class=\"itemDateCreated\" style=\"color: #ff0000;\">Viernes, 09 Enero 2026 <\/span>El CPE y el municipio de Caleta Olivia firmaron un convenio que garantiza la continuidad laboral durante el verano a 194 trabajadores de una cooperativa de limpieza.<img decoding=\"async\" class=\"alignnone size-full wp-image-38860 lazyload\" data-src=\"https:\/\/ecosdelsur.com\/wp-content\/uploads\/2026\/01\/20260107_FIRMA_DE_CONVENIO_CPE_11.jpg\" alt=\"\" width=\"1000\" height=\"666\" data-srcset=\"https:\/\/ecosdelsur.com\/wp-content\/uploads\/2026\/01\/20260107_FIRMA_DE_CONVENIO_CPE_11.jpg 1000w, https:\/\/ecosdelsur.com\/wp-content\/uploads\/2026\/01\/20260107_FIRMA_DE_CONVENIO_CPE_11-300x200.jpg 300w, https:\/\/ecosdelsur.com\/wp-content\/uploads\/2026\/01\/20260107_FIRMA_DE_CONVENIO_CPE_11-768x511.jpg 768w\" data-sizes=\"(max-width: 1000px) 100vw, 1000px\" src=\"data:image\/svg+xml;base64,PHN2ZyB3aWR0aD0iMSIgaGVpZ2h0PSIxIiB4bWxucz0iaHR0cDovL3d3dy53My5vcmcvMjAwMC9zdmciPjwvc3ZnPg==\" style=\"--smush-placeholder-width: 1000px; --smush-placeholder-aspect-ratio: 1000\/666;\" \/><\/p>\n<\/div>\n<\/div>\n<\/div>\n<\/header>\n<div class=\"cuerpo clearfix\">\n<p>La firma del acuerdo se realiz\u00f3 este jueves en R\u00edo Gallegos y cont\u00f3 con la presencia de la presidenta del Consejo Provincial de Educaci\u00f3n (CPE), Iris Rasgido; el intendente de Caleta Olivia, Pablo Carrizo; la vocal por el Poder Ejecutivo ante el CPE, Rosa Villaseca; y el secretario de Hacienda del municipio caletense, Franco Antipani .<img decoding=\"async\" class=\"alignnone size-full wp-image-38858 lazyload\" data-src=\"https:\/\/ecosdelsur.com\/wp-content\/uploads\/2026\/01\/20260107_FIRMA_DE_CONVENIO_CPE_4.jpg\" alt=\"\" width=\"1000\" height=\"632\" data-srcset=\"https:\/\/ecosdelsur.com\/wp-content\/uploads\/2026\/01\/20260107_FIRMA_DE_CONVENIO_CPE_4.jpg 1000w, https:\/\/ecosdelsur.com\/wp-content\/uploads\/2026\/01\/20260107_FIRMA_DE_CONVENIO_CPE_4-300x190.jpg 300w, https:\/\/ecosdelsur.com\/wp-content\/uploads\/2026\/01\/20260107_FIRMA_DE_CONVENIO_CPE_4-768x485.jpg 768w\" data-sizes=\"(max-width: 1000px) 100vw, 1000px\" src=\"data:image\/svg+xml;base64,PHN2ZyB3aWR0aD0iMSIgaGVpZ2h0PSIxIiB4bWxucz0iaHR0cDovL3d3dy53My5vcmcvMjAwMC9zdmciPjwvc3ZnPg==\" style=\"--smush-placeholder-width: 1000px; --smush-placeholder-aspect-ratio: 1000\/632;\" \/><\/p>\n<p>En ese marco, Rasgido explic\u00f3 que el convenio tendr\u00e1 una vigencia inicial de cuatro meses (de enero a abril) y luego ser\u00e1 renovado de manera peri\u00f3dica, lo que permitir\u00e1 sostener la continuidad laboral de 194 familias y mantener la limpieza de edificios escolares.<\/p>\n<p>La funcionaria explic\u00f3 que este tipo de servicios se gestiona mediante distintos esquemas en la provincia, precisando que \u201ctenemos convenio con la municipalidad de Perito Moreno, con la municipalidad de Caleta Olivia y con la comisi\u00f3n de fomento de Koluel Kaike. En las dem\u00e1s localidades trabajamos con cooperativas, con las que tambi\u00e9n se firmaron los convenios correspondientes\u201d.<img decoding=\"async\" class=\"alignnone size-full wp-image-38862 lazyload\" data-src=\"https:\/\/ecosdelsur.com\/wp-content\/uploads\/2026\/01\/20260107_FIRMA_DE_CONVENIO_CPE_16.jpg\" alt=\"\" width=\"1000\" height=\"666\" data-srcset=\"https:\/\/ecosdelsur.com\/wp-content\/uploads\/2026\/01\/20260107_FIRMA_DE_CONVENIO_CPE_16.jpg 1000w, https:\/\/ecosdelsur.com\/wp-content\/uploads\/2026\/01\/20260107_FIRMA_DE_CONVENIO_CPE_16-300x200.jpg 300w, https:\/\/ecosdelsur.com\/wp-content\/uploads\/2026\/01\/20260107_FIRMA_DE_CONVENIO_CPE_16-768x511.jpg 768w\" data-sizes=\"(max-width: 1000px) 100vw, 1000px\" src=\"data:image\/svg+xml;base64,PHN2ZyB3aWR0aD0iMSIgaGVpZ2h0PSIxIiB4bWxucz0iaHR0cDovL3d3dy53My5vcmcvMjAwMC9zdmciPjwvc3ZnPg==\" style=\"--smush-placeholder-width: 1000px; --smush-placeholder-aspect-ratio: 1000\/666;\" \/><\/p>\n<p>Adem\u00e1s, consider\u00f3 necesario manifestar que \u201cdurante muchos a\u00f1os, quienes realizaban estas tareas no trabajaban en enero ya que se suspend\u00eda el servicio y reci\u00e9n cobraban su primer sueldo en marzo. Por ello, a partir de la firma de este convenio que surge por decisi\u00f3n del gobierno provincial, estas personas trabajar\u00e1n y cobrar\u00e1n durante el mes de enero\u201d.<\/p>\n<p>Tras la r\u00fabrica, el intendente Carrizo valor\u00f3 el alcance del acuerdo, y remarc\u00f3 la decisi\u00f3n pol\u00edtica de garantizar los haberes en el mes de enero. Luego, aludi\u00f3 a la importancia \u201cde poder trabajar en conjunto con el gobierno provincial para llevar tranquilidad a la comunidad. La educaci\u00f3n es muy importante para nosotros, y con este convenio garantizamos el acompa\u00f1amiento necesario\u201d.<\/p>\n<\/div>\n","protected":false},"excerpt":{"rendered":"<p>Viernes, 09 Enero 2026 El CPE y el municipio de Caleta Olivia firmaron un convenio que garantiza la continuidad laboral<\/p>\n","protected":false},"author":8,"featured_media":38861,"comment_status":"open","ping_status":"closed","sticky":false,"template":"","format":"standard","meta":{"footnotes":""},"categories":[33],"tags":[],"class_list":["post-38857","post","type-post","status-publish","format-standard","has-post-thumbnail","hentry","category-politica"],"_links":{"self":[{"href":"https:\/\/ecosdelsur.com\/index.php?rest_route=\/wp\/v2\/posts\/38857","targetHints":{"allow":["GET"]}}],"collection":[{"href":"https:\/\/ecosdelsur.com\/index.php?rest_route=\/wp\/v2\/posts"}],"about":[{"href":"https:\/\/ecosdelsur.com\/index.php?rest_route=\/wp\/v2\/types\/post"}],"author":[{"embeddable":true,"href":"https:\/\/ecosdelsur.com\/index.php?rest_route=\/wp\/v2\/users\/8"}],"replies":[{"embeddable":true,"href":"https:\/\/ecosdelsur.com\/index.php?rest_route=%2Fwp%2Fv2%2Fcomments&post=38857"}],"version-history":[{"count":1,"href":"https:\/\/ecosdelsur.com\/index.php?rest_route=\/wp\/v2\/posts\/38857\/revisions"}],"predecessor-version":[{"id":38863,"href":"https:\/\/ecosdelsur.com\/index.php?rest_route=\/wp\/v2\/posts\/38857\/revisions\/38863"}],"wp:featuredmedia":[{"embeddable":true,"href":"https:\/\/ecosdelsur.com\/index.php?rest_route=\/wp\/v2\/media\/38861"}],"wp:attachment":[{"href":"https:\/\/ecosdelsur.com\/index.php?rest_route=%2Fwp%2Fv2%2Fmedia&parent=38857"}],"wp:term":[{"taxonomy":"category","embeddable":true,"href":"https:\/\/ecosdelsur.com\/index.php?rest_route=%2Fwp%2Fv2%2Fcategories&post=38857"},{"taxonomy":"post_tag","embeddable":true,"href":"https:\/\/ecosdelsur.com\/index.php?rest_route=%2Fwp%2Fv2%2Ftags&post=38857"}],"curies":[{"name":"wp","href":"https:\/\/api.w.org\/{rel}","templated":true}]}}