{"id":38798,"date":"2026-01-08T18:15:25","date_gmt":"2026-01-08T21:15:25","guid":{"rendered":"https:\/\/ecosdelsur.com\/?p=38798"},"modified":"2026-01-08T18:15:55","modified_gmt":"2026-01-08T21:15:55","slug":"gigante-en-accion-el-avion-hidrante-ya-opera-y-trae-alivio","status":"publish","type":"post","link":"https:\/\/ecosdelsur.com\/?p=38798","title":{"rendered":"Gigante en acci\u00f3n: el avi\u00f3n hidrante ya opera y trae alivio"},"content":{"rendered":"<div class=\"itemToolbar2\">\n<p><span class=\"itemDateCreated\"><span style=\"color: #ff0000;\">Jueves, 08 Enero 2026<\/span> &#8211; <\/span>El primer lanzamiento se realiz\u00f3 sobre las laderas del cerro Pirque, a la altura del paraje La Angostura, en la localidad de Epuy\u00e9n. Fueron dos servicios por este jueves.<img decoding=\"async\" class=\"alignnone size-full wp-image-38800 lazyload\" data-src=\"https:\/\/ecosdelsur.com\/wp-content\/uploads\/2026\/01\/avion1.jpg\" alt=\"\" width=\"727\" height=\"477\" data-srcset=\"https:\/\/ecosdelsur.com\/wp-content\/uploads\/2026\/01\/avion1.jpg 727w, https:\/\/ecosdelsur.com\/wp-content\/uploads\/2026\/01\/avion1-300x197.jpg 300w\" data-sizes=\"(max-width: 727px) 100vw, 727px\" src=\"data:image\/svg+xml;base64,PHN2ZyB3aWR0aD0iMSIgaGVpZ2h0PSIxIiB4bWxucz0iaHR0cDovL3d3dy53My5vcmcvMjAwMC9zdmciPjwvc3ZnPg==\" style=\"--smush-placeholder-width: 727px; --smush-placeholder-aspect-ratio: 727\/477;\" \/><\/p>\n<\/div>\n<p>Este jueves comenz\u00f3 a operar el avi\u00f3n hidrante Boeing 737 Fireliner, enviado por la provincia de Santiago del Estero a la zona cordillerana de Chubut, para dar apoyo al combate de los incendios forestales de la Comarca Andina y el Parque Nacional Los Alerces. Tiene capacidad para transportar hasta15.000 litros de agua o retardante. Realiz\u00f3 su primer lanzamiento de agua sobre las laderas del cerro Pirque, a la altura del paraje La Angostura, en la localidad de Epuy\u00e9n.<\/p>\n<div class=\"interior_noticia_body\">\n<p>Estaba previsto que la aeronave se dirigiera en las primas horas a la zona de El Pedregoso y Epuy\u00e9n en la Comarca Andina, pero las condiciones de visibilidad reducidas por el humo de los siniestros forestales no lo permiti\u00f3. Despu\u00e9s del mediod\u00eda sali\u00f3 el primer vuelo para hacer un ataque a las zonas calientes, y un segundo traslado fue despu\u00e9s de las 15 horas.<\/p>\n<\/div>\n<div>\n<div id=\"div-ad-41\" class=\"mb-2 d-none d-sm-block\"><\/div>\n<\/div>\n<div class=\"interior_noticia_body\">\n<p>Quienes est\u00e1n trabajando en la log\u00edstica en el aeropuerto de Esquel, se\u00f1alaron que est\u00e1 todo organizado para el abastecimiento del combustible y el agua, ya que se dispusieron tanques cisternas provistos por Vialidad Nacional.<\/p>\n<\/div>\n<div class=\"interior_noticia_body\">\n<p>El\u00a0<strong>Boeing 737 Fireliner<\/strong>\u00a0cuenta con pilotos, mec\u00e1nicos y permanece en Esquel el\u00a0<em>director de Aviaci\u00f3n Civil de la provincia de Santiago del Estero, Jorge Azar<\/em>. Este hidrante de grandes dimensiones y capacidad de acci\u00f3n, es uno de los tres que hay en el mundo, dado que lo tienen Australia, Canad\u00e1 y nuestro pa\u00eds.<\/p>\n<\/div>\n<div class=\"interior_noticia_body\">\n<p>El avi\u00f3n fue adquirido en el a\u00f1o 2022 por el Gobierno de Santiago, para responder a siniestros de magnitud, ya que el territorio santiague\u00f1o tiene una poblaci\u00f3n boscosa muy a\u00f1osa, predominando el quebracho y el algarrobo.<\/p>\n<\/div>\n<div class=\"interior_noticia_body\">\n<p>Seg\u00fan pudimos saber, en esta jornada s\u00f3lo se completar\u00e1n dos salidas en apoyo a los brigadistas que luchan contra el fuego en tierra, y a \u00faltima hora se definir\u00e1 el plan para este viernes, que puede ser ayudar a aplacar las llamas en la Comarca Andina, o en el Parque Nacional Los Alerces.<\/p>\n<p>Fuente Diario Jornada<\/p>\n<\/div>\n","protected":false},"excerpt":{"rendered":"<p>Jueves, 08 Enero 2026 &#8211; El primer lanzamiento se realiz\u00f3 sobre las laderas del cerro Pirque, a la altura del<\/p>\n","protected":false},"author":8,"featured_media":38799,"comment_status":"open","ping_status":"closed","sticky":false,"template":"","format":"standard","meta":{"footnotes":""},"categories":[34],"tags":[],"class_list":["post-38798","post","type-post","status-publish","format-standard","has-post-thumbnail","hentry","category-economia"],"_links":{"self":[{"href":"https:\/\/ecosdelsur.com\/index.php?rest_route=\/wp\/v2\/posts\/38798","targetHints":{"allow":["GET"]}}],"collection":[{"href":"https:\/\/ecosdelsur.com\/index.php?rest_route=\/wp\/v2\/posts"}],"about":[{"href":"https:\/\/ecosdelsur.com\/index.php?rest_route=\/wp\/v2\/types\/post"}],"author":[{"embeddable":true,"href":"https:\/\/ecosdelsur.com\/index.php?rest_route=\/wp\/v2\/users\/8"}],"replies":[{"embeddable":true,"href":"https:\/\/ecosdelsur.com\/index.php?rest_route=%2Fwp%2Fv2%2Fcomments&post=38798"}],"version-history":[{"count":1,"href":"https:\/\/ecosdelsur.com\/index.php?rest_route=\/wp\/v2\/posts\/38798\/revisions"}],"predecessor-version":[{"id":38801,"href":"https:\/\/ecosdelsur.com\/index.php?rest_route=\/wp\/v2\/posts\/38798\/revisions\/38801"}],"wp:featuredmedia":[{"embeddable":true,"href":"https:\/\/ecosdelsur.com\/index.php?rest_route=\/wp\/v2\/media\/38799"}],"wp:attachment":[{"href":"https:\/\/ecosdelsur.com\/index.php?rest_route=%2Fwp%2Fv2%2Fmedia&parent=38798"}],"wp:term":[{"taxonomy":"category","embeddable":true,"href":"https:\/\/ecosdelsur.com\/index.php?rest_route=%2Fwp%2Fv2%2Fcategories&post=38798"},{"taxonomy":"post_tag","embeddable":true,"href":"https:\/\/ecosdelsur.com\/index.php?rest_route=%2Fwp%2Fv2%2Ftags&post=38798"}],"curies":[{"name":"wp","href":"https:\/\/api.w.org\/{rel}","templated":true}]}}