{"id":37186,"date":"2025-10-22T03:24:52","date_gmt":"2025-10-22T03:24:52","guid":{"rendered":"https:\/\/ecosdelsur.com\/?p=37186"},"modified":"2025-10-22T03:26:50","modified_gmt":"2025-10-22T03:26:50","slug":"el-sorprendente-hallazgo-junto-a-la-camioneta-de-los-jubilados-desaparecidos-que-abre-una-nueva-hipotesis","status":"publish","type":"post","link":"https:\/\/ecosdelsur.com\/?p=37186","title":{"rendered":"El sorprendente hallazgo junto a la camioneta de los jubilados desaparecidos que abre una nueva hip\u00f3tesis"},"content":{"rendered":"<div class=\"row\">\n<div class=\"col-xs-12\">Buscan con drones y perros especializados a la pareja desaparecida, Desde el Ministerio de Seguridad y Justicia se mantiene un contacto permanente con sus familiares directos.<img decoding=\"async\" class=\"alignnone size-full wp-image-37189 lazyload\" data-src=\"https:\/\/ecosdelsur.com\/wp-content\/uploads\/2025\/10\/DSC_0734.jpg\" alt=\"\" width=\"1024\" height=\"634\" data-srcset=\"https:\/\/ecosdelsur.com\/wp-content\/uploads\/2025\/10\/DSC_0734.jpg 1024w, https:\/\/ecosdelsur.com\/wp-content\/uploads\/2025\/10\/DSC_0734-300x186.jpg 300w, https:\/\/ecosdelsur.com\/wp-content\/uploads\/2025\/10\/DSC_0734-768x476.jpg 768w\" data-sizes=\"(max-width: 1024px) 100vw, 1024px\" src=\"data:image\/svg+xml;base64,PHN2ZyB3aWR0aD0iMSIgaGVpZ2h0PSIxIiB4bWxucz0iaHR0cDovL3d3dy53My5vcmcvMjAwMC9zdmciPjwvc3ZnPg==\" style=\"--smush-placeholder-width: 1024px; --smush-placeholder-aspect-ratio: 1024\/634;\" \/><\/div>\n<div>\n<p><strong>Pedro Alberto Kreder<\/strong>\u00a0de 79 a\u00f1os, y\u00a0<strong>Juana In\u00e9s Morales<\/strong>, de 69, son\u00a0los jubilados que desaparecieron en Chubut\u00a0y el tema que, primero, mantuvo en vilo a toda la provincia, trascendi\u00f3 a nivel nacional. Ahora,\u00a0<strong>los investigadores sumaron nuevas pistas al caso.<\/strong><\/p>\n<p>Uno de los \u00faltimos giros en la investigaci\u00f3n se dio tras el hallazgo de restos de una fogata, a pocos metros de la camioneta Toyota Hilux beige en la que viajaba la pareja, encontrada encajada en un lodazal en cercan\u00edas de Playa Visser, una zona de dif\u00edcil acceso e inh\u00f3spita.<\/p>\n<p>&nbsp;<\/p>\n<p><strong>UNA NUEVA PISTA: UNA FOGATA CERCA DEL VEH\u00cdCULO<\/strong><\/p>\n<p>En una entrevista con Lape Club Social, el periodista Mauro Szeta habl\u00f3 con las hijas de Kredes y revel\u00f3 el dato que podr\u00eda ser fundamental: \u201cLos investigadores detectaron una fogata cerca del veh\u00edculo. \u00bfCreen que puede ser de ellos?\u201d, pregunt\u00f3.<\/p>\n<p>&nbsp;<\/p>\n<p>Una de las hijas respondi\u00f3 con esperanza: \u201cNo es descabellado pensar que esa fogata sea de ellos. Ojal\u00e1 lo sea. Si se trasladaron hacia la playa, es l\u00f3gico que hayan tenido que encender fuego para calentarse. De noche las temperaturas bajan mucho\u201d.<\/p>\n<p>Pedro Alberto Kreder de 79 a\u00f1os, y Juana In\u00e9s Morales, de 69, son los jubilados que desaparecieron en Chubut y el tema que, primero, mantuvo en vilo a toda la provincia, trascendi\u00f3 a nivel nacional. Ahora, los investigadores sumaron nuevas pistas al caso.<\/p>\n<p>Desesperada b\u00fasqueda en Chubut: dos jubilados se pusieron de novios, se fueron de viaje y desaparecieron<br \/>\nAs\u00ed es el lugar en el que desapareci\u00f3 la pareja de jubilados en Chubut: dif\u00edcil acceso y poca se\u00f1al<br \/>\nUno de los \u00faltimos giros en la investigaci\u00f3n se dio tras el hallazgo de restos de una fogata, a pocos metros de la camioneta Toyota Hilux beige en la que viajaba la pareja, encontrada encajada en un lodazal en cercan\u00edas de Playa Visser, una zona de dif\u00edcil acceso e inh\u00f3spita.<\/p>\n<p><strong>UNA NUEVA PISTA: UNA FOGATA CERCA DEL VEH\u00cdCULO<\/strong><br \/>\nEn una entrevista con Lape Club Social, el periodista Mauro Szeta habl\u00f3 con las hijas de Kredes y revel\u00f3 el dato que podr\u00eda ser fundamental: \u201cLos investigadores detectaron una fogata cerca del veh\u00edculo. \u00bfCreen que puede ser de ellos?\u201d, pregunt\u00f3.<\/p>\n<p>Una de las hijas respondi\u00f3 con esperanza: \u201cNo es descabellado pensar que esa fogata sea de ellos. Ojal\u00e1 lo sea. Si se trasladaron hacia la playa, es l\u00f3gico que hayan tenido que encender fuego para calentarse. De noche las temperaturas bajan mucho\u201d.<\/p>\n<p><strong>\u201cNO ENTENDEMOS C\u00d3MO LLEG\u00d3 ESA CAMIONETA AH\u00cd\u201d<\/strong><br \/>\nEl descubrimiento del auto fue clave para la b\u00fasqueda. Las hijas de los jubilados se mostraron sorprendidas por la ubicaci\u00f3n del mismo: \u201cA Camarones se va por ruta normal. No entendemos c\u00f3mo lleg\u00f3 esa camioneta ah\u00ed. Es una traves\u00eda muy complicada\u201d, se\u00f1alaron.<\/p>\n<p>Adem\u00e1s, cuestionaron que al principio se haya descartado una investigaci\u00f3n m\u00e1s profunda: \u201cEn los primeros d\u00edas, solo se pens\u00f3 que se encallaron y fueron a pedir ayuda, pero con eso se perdi\u00f3 la posibilidad de tomar huellas\u201d. Dentro del veh\u00edculo se encontr\u00f3 una pala llena de arcilla, lo que sugiere que intentaron salir del barro, aunque sin \u00e9xito.<\/p>\n<h3>CONTIN\u00daA EL OPERATIVO<\/h3>\n<p>Pedro y Juana desaparecieron el 11 de octubre, rumbo a Camarones y nunca llegaron a su destino. La \u00faltima vez que fueron registrados fue en las c\u00e1maras de la rotonda de las rutas 3 y 39, minutos antes de internarse hacia la costa.<\/p>\n<div class=\"container undefined\">\n<div class=\"clearfix\">\n<div id=\"nmiddle4\" class=\"banner-inner\" data-section=\"inicio\" data-name=\"nmiddle4\"><\/div>\n<\/div>\n<\/div>\n<p>Desde ese momento, las fuerzas de seguridad<b><\/b><b>\u00a0<\/b>trabajan por tierra, aire y mar. La Polic\u00eda del Chubut, Prefectura Naval, Defensa Civil y decenas de voluntarios locales participan. El terreno barroso complica las tareas junto a los acantilados de Rocas Coloradas.<\/p>\n<\/div>\n<\/div>\n","protected":false},"excerpt":{"rendered":"<p>Buscan con drones y perros especializados a la pareja desaparecida, Desde el Ministerio de Seguridad y Justicia se mantiene un<\/p>\n","protected":false},"author":8,"featured_media":37187,"comment_status":"closed","ping_status":"closed","sticky":false,"template":"","format":"standard","meta":{"footnotes":""},"categories":[1],"tags":[],"class_list":["post-37186","post","type-post","status-publish","format-standard","has-post-thumbnail","hentry","category-uncategorized"],"_links":{"self":[{"href":"https:\/\/ecosdelsur.com\/index.php?rest_route=\/wp\/v2\/posts\/37186","targetHints":{"allow":["GET"]}}],"collection":[{"href":"https:\/\/ecosdelsur.com\/index.php?rest_route=\/wp\/v2\/posts"}],"about":[{"href":"https:\/\/ecosdelsur.com\/index.php?rest_route=\/wp\/v2\/types\/post"}],"author":[{"embeddable":true,"href":"https:\/\/ecosdelsur.com\/index.php?rest_route=\/wp\/v2\/users\/8"}],"replies":[{"embeddable":true,"href":"https:\/\/ecosdelsur.com\/index.php?rest_route=%2Fwp%2Fv2%2Fcomments&post=37186"}],"version-history":[{"count":0,"href":"https:\/\/ecosdelsur.com\/index.php?rest_route=\/wp\/v2\/posts\/37186\/revisions"}],"wp:featuredmedia":[{"embeddable":true,"href":"https:\/\/ecosdelsur.com\/index.php?rest_route=\/wp\/v2\/media\/37187"}],"wp:attachment":[{"href":"https:\/\/ecosdelsur.com\/index.php?rest_route=%2Fwp%2Fv2%2Fmedia&parent=37186"}],"wp:term":[{"taxonomy":"category","embeddable":true,"href":"https:\/\/ecosdelsur.com\/index.php?rest_route=%2Fwp%2Fv2%2Fcategories&post=37186"},{"taxonomy":"post_tag","embeddable":true,"href":"https:\/\/ecosdelsur.com\/index.php?rest_route=%2Fwp%2Fv2%2Ftags&post=37186"}],"curies":[{"name":"wp","href":"https:\/\/api.w.org\/{rel}","templated":true}]}}