{"id":37181,"date":"2025-10-21T23:01:26","date_gmt":"2025-10-21T23:01:26","guid":{"rendered":"https:\/\/ecosdelsur.com\/?p=37181"},"modified":"2025-10-21T23:01:26","modified_gmt":"2025-10-21T23:01:26","slug":"en-ramon-santos-vidal-acompano-la-llegada-de-maquinaria-esencial-para-la-nueva-etapa-en-la-produccion-provincial","status":"publish","type":"post","link":"https:\/\/ecosdelsur.com\/?p=37181","title":{"rendered":"En Ram\u00f3n Santos: Vidal acompa\u00f1\u00f3 la llegada de maquinaria esencial para la nueva etapa en la producci\u00f3n provincial"},"content":{"rendered":"<div class=\"itemToolbar2\">\n<p><span class=\"itemDateCreated\"><span style=\"color: #ff0000;\">Martes, 21 Octubre 2025<\/span> &#8211; <\/span>En esta jornada, el gobernador Claudio Vidal recibi\u00f3 maquinaria que ser\u00e1 destinada a proyectos productivos de Santa Cruz, en Ram\u00f3n Santos.\u00a0 Se trata de una planta de asfalto, una m\u00e1quina para procesar alimento balanceado y dos plantas de pellets.<img decoding=\"async\" class=\"alignnone size-full wp-image-37182 lazyload\" data-src=\"https:\/\/ecosdelsur.com\/wp-content\/uploads\/2025\/10\/567675169_1362490368569463_1988293581075090353_n.jpg\" alt=\"\" width=\"1024\" height=\"576\" data-srcset=\"https:\/\/ecosdelsur.com\/wp-content\/uploads\/2025\/10\/567675169_1362490368569463_1988293581075090353_n.jpg 1024w, https:\/\/ecosdelsur.com\/wp-content\/uploads\/2025\/10\/567675169_1362490368569463_1988293581075090353_n-300x169.jpg 300w, https:\/\/ecosdelsur.com\/wp-content\/uploads\/2025\/10\/567675169_1362490368569463_1988293581075090353_n-768x432.jpg 768w\" data-sizes=\"(max-width: 1024px) 100vw, 1024px\" src=\"data:image\/svg+xml;base64,PHN2ZyB3aWR0aD0iMSIgaGVpZ2h0PSIxIiB4bWxucz0iaHR0cDovL3d3dy53My5vcmcvMjAwMC9zdmciPjwvc3ZnPg==\" style=\"--smush-placeholder-width: 1024px; --smush-placeholder-aspect-ratio: 1024\/576;\" \/><\/p>\n<\/div>\n<div class=\"itemFullText\">\n<p>En ese contexto, el gobernador Claudio Vidal manifest\u00f3 su agradecimiento a los intendentes de las localidades de Caleta Olivia, Las Heras y Pico Truncado, Pablo Carrizo, Antonio Carambia y Pablo Anabal\u00f3n, respectivamente. Asimismo, hizo lo propio con los presidentes de la Administraci\u00f3n General de Vialidad Provincial, Julio Bujer, y de Santa Cruz Puede S.A.U., Gustavo S\u00edvori.<img decoding=\"async\" class=\"alignnone size-full wp-image-37184 lazyload\" data-src=\"https:\/\/ecosdelsur.com\/wp-content\/uploads\/2025\/10\/567702929_1362490708569429_4447123368108890287_n.jpg\" alt=\"\" width=\"1024\" height=\"576\" data-srcset=\"https:\/\/ecosdelsur.com\/wp-content\/uploads\/2025\/10\/567702929_1362490708569429_4447123368108890287_n.jpg 1024w, https:\/\/ecosdelsur.com\/wp-content\/uploads\/2025\/10\/567702929_1362490708569429_4447123368108890287_n-300x169.jpg 300w, https:\/\/ecosdelsur.com\/wp-content\/uploads\/2025\/10\/567702929_1362490708569429_4447123368108890287_n-768x432.jpg 768w\" data-sizes=\"(max-width: 1024px) 100vw, 1024px\" src=\"data:image\/svg+xml;base64,PHN2ZyB3aWR0aD0iMSIgaGVpZ2h0PSIxIiB4bWxucz0iaHR0cDovL3d3dy53My5vcmcvMjAwMC9zdmciPjwvc3ZnPg==\" style=\"--smush-placeholder-width: 1024px; --smush-placeholder-aspect-ratio: 1024\/576;\" \/><\/p>\n<p>Por otra parte, destac\u00f3 que hoy se recibi\u00f3 una parte de la planta de asfalto que es una tolva y toda la parte de ca\u00f1er\u00eda. \u201cEl primer trabajo que va a tener a su cargo Vialidad Provincial, es empezar a reparar la Ruta Complementaria N\u00b0 20. Escuchamos a los vecinos en un momento complejo y dif\u00edcil y vamos a hacer todo lo que podamos con esta m\u00e1quina que es clave. La idea es reparar tambi\u00e9n otras rutas en la medida que tengamos el recurso\u201d, resalt\u00f3 el mandatario santacruce\u00f1o.<\/p>\n<p>Mas adelante, indic\u00f3 que \u201cno es f\u00e1cil asfaltar o reasfaltar una ruta hablando en termino de n\u00fameros, pero cuando hay una decisi\u00f3n pol\u00edtica, buenas intenciones y un equipo predispuesto a trabajar en beneficio de la comunidad, los resultados son positivos y todo se hace posible\u201d.<\/p>\n<p>En ese contexto, el Gobernador se\u00f1al\u00f3 que adem\u00e1s de la planta de asfalto, lleg\u00f3 una planta de alimento balanceado. \u201cEsta es una maquinaria que anunciamos hace meses y que fue construida en Rafaela, provincia de Santa Fe. Hoy lo importante es que la misma ya fue terminada y ser\u00e1 trasladada a la ciudad de R\u00edo Gallegos donde ser\u00e1 instalada\u201d, explic\u00f3.<\/p>\n<p>\u201cHace unos d\u00edas lleg\u00f3 a la provincia tambi\u00e9n una planta de pellets de alfalfa\u00a0 y que ya fue trasladada al galp\u00f3n del Consejo Agrario Provincial en la localidad de Los Antiguos, y en esta jornada recibimos dos plantas de pellets m\u00e1s, una est\u00e1 destinada a Gobernador Gregores y la otra es para la Cuenca Carbon\u00edfera\u201d, acot\u00f3<\/p>\n<p>En relaci\u00f3n a la llegada de este tipo de maquinaria, Vidal dijo que siempre es importante tener en cuenta los proyectos productivos y el trabajo, entendiendo que la \u00fanica forma de revertir la situaci\u00f3n econ\u00f3mica de la provincia es por esas v\u00edas. \u201cEsto es lo que predicamos hace muchos a\u00f1os y hoy que estamos en el gobierno, m\u00e1s all\u00e1 de la dif\u00edcil situaci\u00f3n econ\u00f3mica, es relevante seguir avanzando en este camino\u201d, a\u00f1adi\u00f3.<\/p>\n<p>\u201cAyer miraba con preocupaci\u00f3n que la provincia de Santa Cruz es la que mayor cantidad de empleo p\u00fablico tiene, seg\u00fan datos a nivel nacional. Es cierto, y esto hace que todo lo que llega en materia de ingreso sea casi todo destinado a salarios. Por lo tanto, insisto que hay que seguir apostando a la producci\u00f3n\u201d, consider\u00f3. A la vez, recalc\u00f3 que \u201cno hay otra forma de salir adelante si no es con trabajo\u201d.<\/p>\n<\/div>\n","protected":false},"excerpt":{"rendered":"<p>Martes, 21 Octubre 2025 &#8211; En esta jornada, el gobernador Claudio Vidal recibi\u00f3 maquinaria que ser\u00e1 destinada a proyectos productivos<\/p>\n","protected":false},"author":8,"featured_media":37183,"comment_status":"closed","ping_status":"closed","sticky":false,"template":"","format":"standard","meta":{"footnotes":""},"categories":[33],"tags":[],"class_list":["post-37181","post","type-post","status-publish","format-standard","has-post-thumbnail","hentry","category-politica"],"_links":{"self":[{"href":"https:\/\/ecosdelsur.com\/index.php?rest_route=\/wp\/v2\/posts\/37181","targetHints":{"allow":["GET"]}}],"collection":[{"href":"https:\/\/ecosdelsur.com\/index.php?rest_route=\/wp\/v2\/posts"}],"about":[{"href":"https:\/\/ecosdelsur.com\/index.php?rest_route=\/wp\/v2\/types\/post"}],"author":[{"embeddable":true,"href":"https:\/\/ecosdelsur.com\/index.php?rest_route=\/wp\/v2\/users\/8"}],"replies":[{"embeddable":true,"href":"https:\/\/ecosdelsur.com\/index.php?rest_route=%2Fwp%2Fv2%2Fcomments&post=37181"}],"version-history":[{"count":0,"href":"https:\/\/ecosdelsur.com\/index.php?rest_route=\/wp\/v2\/posts\/37181\/revisions"}],"wp:featuredmedia":[{"embeddable":true,"href":"https:\/\/ecosdelsur.com\/index.php?rest_route=\/wp\/v2\/media\/37183"}],"wp:attachment":[{"href":"https:\/\/ecosdelsur.com\/index.php?rest_route=%2Fwp%2Fv2%2Fmedia&parent=37181"}],"wp:term":[{"taxonomy":"category","embeddable":true,"href":"https:\/\/ecosdelsur.com\/index.php?rest_route=%2Fwp%2Fv2%2Fcategories&post=37181"},{"taxonomy":"post_tag","embeddable":true,"href":"https:\/\/ecosdelsur.com\/index.php?rest_route=%2Fwp%2Fv2%2Ftags&post=37181"}],"curies":[{"name":"wp","href":"https:\/\/api.w.org\/{rel}","templated":true}]}}