{"id":37173,"date":"2025-10-21T22:47:06","date_gmt":"2025-10-21T22:47:06","guid":{"rendered":"https:\/\/ecosdelsur.com\/?p=37173"},"modified":"2025-10-21T22:55:00","modified_gmt":"2025-10-21T22:55:00","slug":"el-intendente-pablo-carrizo-acompano-la-presentacion-de-maquinaria-productiva","status":"publish","type":"post","link":"https:\/\/ecosdelsur.com\/?p=37173","title":{"rendered":"El intendente Pablo Carrizo acompa\u00f1\u00f3 la presentaci\u00f3n de maquinaria productiva"},"content":{"rendered":"<div class=\"itemToolbar2\">\n<p><span class=\"itemDateCreated\"><span style=\"color: #ff0000;\">Martes, 21 Octubre 2025<\/span> &#8211; <\/span>Se trata de una significativa inversi\u00f3n realizada por el Gobierno provincial con el objetivo de incorporar infraestructura necesaria para impulsar proyectos que beneficien a distintas localidades, promoviendo la generaci\u00f3n de empleo y el desarrollo productivo.<img decoding=\"async\" class=\"alignnone size-full wp-image-37176 lazyload\" data-src=\"https:\/\/ecosdelsur.com\/wp-content\/uploads\/2025\/10\/carri4.jpg\" alt=\"\" width=\"878\" height=\"530\" data-srcset=\"https:\/\/ecosdelsur.com\/wp-content\/uploads\/2025\/10\/carri4.jpg 878w, https:\/\/ecosdelsur.com\/wp-content\/uploads\/2025\/10\/carri4-300x181.jpg 300w, https:\/\/ecosdelsur.com\/wp-content\/uploads\/2025\/10\/carri4-768x464.jpg 768w\" data-sizes=\"(max-width: 878px) 100vw, 878px\" src=\"data:image\/svg+xml;base64,PHN2ZyB3aWR0aD0iMSIgaGVpZ2h0PSIxIiB4bWxucz0iaHR0cDovL3d3dy53My5vcmcvMjAwMC9zdmciPjwvc3ZnPg==\" style=\"--smush-placeholder-width: 878px; --smush-placeholder-aspect-ratio: 878\/530;\" \/><\/p>\n<\/div>\n<p>La presentaci\u00f3n de la maquinaria se realiz\u00f3 este martes 21 de octubre, en el puesto Policial \u201cRam\u00f3n Santos\u201d, punto de ingreso a la provincia de Santa Cruz. All\u00ed, el gobernador Claudio Vidal, junto al intendente de la Municipalidad de Caleta Olivia, y dem\u00e1s autoridades, pusieron en valor el trabajo impulsado para fortalecer la capacidad productiva. <img decoding=\"async\" class=\"alignnone size-full wp-image-37175 lazyload\" data-src=\"https:\/\/ecosdelsur.com\/wp-content\/uploads\/2025\/10\/carri2.jpg\" alt=\"\" width=\"1024\" height=\"622\" data-srcset=\"https:\/\/ecosdelsur.com\/wp-content\/uploads\/2025\/10\/carri2.jpg 1024w, https:\/\/ecosdelsur.com\/wp-content\/uploads\/2025\/10\/carri2-300x182.jpg 300w, https:\/\/ecosdelsur.com\/wp-content\/uploads\/2025\/10\/carri2-768x467.jpg 768w\" data-sizes=\"(max-width: 1024px) 100vw, 1024px\" src=\"data:image\/svg+xml;base64,PHN2ZyB3aWR0aD0iMSIgaGVpZ2h0PSIxIiB4bWxucz0iaHR0cDovL3d3dy53My5vcmcvMjAwMC9zdmciPjwvc3ZnPg==\" style=\"--smush-placeholder-width: 1024px; --smush-placeholder-aspect-ratio: 1024\/622;\" \/><\/p>\n<p>El equipamiento presentado incluye una planta para pavimento otra de producci\u00f3n de alimento balanceado, que ser\u00e1 instalada en R\u00edo Gallegos, y una de fabricaci\u00f3n de pellets de madera utilizados para calefacci\u00f3n. Esta \u00faltima, permitir\u00e1 producir el insumo y tambi\u00e9n comercializarlo hacia otras provincias del pa\u00eds, generando nuevas oportunidades econ\u00f3micas.<img decoding=\"async\" class=\"alignnone size-full wp-image-37174 lazyload\" data-src=\"https:\/\/ecosdelsur.com\/wp-content\/uploads\/2025\/10\/carri1.jpg\" alt=\"\" width=\"1024\" height=\"610\" data-srcset=\"https:\/\/ecosdelsur.com\/wp-content\/uploads\/2025\/10\/carri1.jpg 1024w, https:\/\/ecosdelsur.com\/wp-content\/uploads\/2025\/10\/carri1-300x179.jpg 300w, https:\/\/ecosdelsur.com\/wp-content\/uploads\/2025\/10\/carri1-768x458.jpg 768w\" data-sizes=\"(max-width: 1024px) 100vw, 1024px\" src=\"data:image\/svg+xml;base64,PHN2ZyB3aWR0aD0iMSIgaGVpZ2h0PSIxIiB4bWxucz0iaHR0cDovL3d3dy53My5vcmcvMjAwMC9zdmciPjwvc3ZnPg==\" style=\"--smush-placeholder-width: 1024px; --smush-placeholder-aspect-ratio: 1024\/610;\" \/><\/p>\n<p>\u201cEs importante impulsar este tipo de proyectos que hablan de producci\u00f3n y de trabajo entendiendo que la \u00fanica forma de revertir la situaci\u00f3n econ\u00f3mica de la provincia es con todo tipo de proyectos productivos. Es lo que predicamos hace muchos a\u00f1os, ahora que estamos en el gobierno tambi\u00e9n lo estamos haciendo, m\u00e1s all\u00e1 de la dif\u00edcil situaci\u00f3n econ\u00f3mica\u201d, resalt\u00f3 Vidal.<\/p>\n<p>Asimismo, el intendente Pablo Carrizo, puso en valor la inversi\u00f3n realizada por el gobierno provincial y su impacto en la generaci\u00f3n de empleo. \u201cProducci\u00f3n y trabajo es lo que siempre nombra nuestro gobernador y hoy es un d\u00eda importante para todos los santacruce\u00f1os, poder adquirir este tipo de maquinaria, va a permitir el desarrollo local y trabajo genuino\u201d, subray\u00f3.<\/p>\n<p>Finalmente, adelant\u00f3 que la llegada de la planta de asfalto permitir\u00e1 proyectar un plan integral de pavimentaci\u00f3n en distintas localidades. \u201cSeguramente alg\u00fan tipo de convenio vamos a tener con el gobierno provincial, es algo que venimos hablando con el gobernador\u201d, precis\u00f3.<\/p>\n","protected":false},"excerpt":{"rendered":"<p>Martes, 21 Octubre 2025 &#8211; Se trata de una significativa inversi\u00f3n realizada por el Gobierno provincial con el objetivo de<\/p>\n","protected":false},"author":8,"featured_media":37177,"comment_status":"closed","ping_status":"closed","sticky":false,"template":"","format":"standard","meta":{"footnotes":""},"categories":[33],"tags":[],"class_list":["post-37173","post","type-post","status-publish","format-standard","has-post-thumbnail","hentry","category-politica"],"_links":{"self":[{"href":"https:\/\/ecosdelsur.com\/index.php?rest_route=\/wp\/v2\/posts\/37173","targetHints":{"allow":["GET"]}}],"collection":[{"href":"https:\/\/ecosdelsur.com\/index.php?rest_route=\/wp\/v2\/posts"}],"about":[{"href":"https:\/\/ecosdelsur.com\/index.php?rest_route=\/wp\/v2\/types\/post"}],"author":[{"embeddable":true,"href":"https:\/\/ecosdelsur.com\/index.php?rest_route=\/wp\/v2\/users\/8"}],"replies":[{"embeddable":true,"href":"https:\/\/ecosdelsur.com\/index.php?rest_route=%2Fwp%2Fv2%2Fcomments&post=37173"}],"version-history":[{"count":0,"href":"https:\/\/ecosdelsur.com\/index.php?rest_route=\/wp\/v2\/posts\/37173\/revisions"}],"wp:featuredmedia":[{"embeddable":true,"href":"https:\/\/ecosdelsur.com\/index.php?rest_route=\/wp\/v2\/media\/37177"}],"wp:attachment":[{"href":"https:\/\/ecosdelsur.com\/index.php?rest_route=%2Fwp%2Fv2%2Fmedia&parent=37173"}],"wp:term":[{"taxonomy":"category","embeddable":true,"href":"https:\/\/ecosdelsur.com\/index.php?rest_route=%2Fwp%2Fv2%2Fcategories&post=37173"},{"taxonomy":"post_tag","embeddable":true,"href":"https:\/\/ecosdelsur.com\/index.php?rest_route=%2Fwp%2Fv2%2Ftags&post=37173"}],"curies":[{"name":"wp","href":"https:\/\/api.w.org\/{rel}","templated":true}]}}