{"id":37168,"date":"2025-10-21T22:26:27","date_gmt":"2025-10-21T22:26:27","guid":{"rendered":"https:\/\/ecosdelsur.com\/?p=37168"},"modified":"2025-10-21T22:26:48","modified_gmt":"2025-10-21T22:26:48","slug":"mas-de-700-familias-santacrucenas-accederan-al-servicio-de-gas-gadano-y-aberastain-lograron-un-acuerdo-entre-energas-camuzzi-y-tgs-que-mejora-el-suministro-en-puerto-deseado-jaramillo-y-fitz-roy","status":"publish","type":"post","link":"https:\/\/ecosdelsur.com\/?p=37168","title":{"rendered":"M\u00e1s de 700 familias santacruce\u00f1as acceder\u00e1n al servicio de gas: Gadano y Aberastain lograron un acuerdo entre ENERGAS, Camuzzi y TGS que mejora el suministro en Puerto Deseado, Jaramillo y Fitz Roy"},"content":{"rendered":"<div class=\"itemToolbar2\">\n<p><span class=\"itemDateCreated\"><span style=\"color: #ff0000;\">Martes, 21 Octubre 2025<\/span> &#8211; <\/span>Gracias a la gesti\u00f3n conjunta de la senadora nacional, Natalia Gadano, y del diputado provincial, Santiago Aberastain, se concret\u00f3 un acuerdo t\u00e9cnico entre el Ente Nacional Regulador del Gas (ENARGAS), Camuzzi Gas del Sur S.A., y Transportadora de Gas del Sur S.A. (TGS), orientado a mejorar las condiciones del suministro de gas natural en las localidades de Puerto Deseado, Jaramillo y Fitz Roy. <img decoding=\"async\" class=\"size-large wp-image-37170 aligncenter lazyload\" data-src=\"https:\/\/ecosdelsur.com\/wp-content\/uploads\/2025\/10\/gadano.jpg\" alt=\"\" width=\"800\" height=\"499\" data-srcset=\"https:\/\/ecosdelsur.com\/wp-content\/uploads\/2025\/10\/gadano.jpg 1024w, https:\/\/ecosdelsur.com\/wp-content\/uploads\/2025\/10\/gadano-300x187.jpg 300w, https:\/\/ecosdelsur.com\/wp-content\/uploads\/2025\/10\/gadano-768x479.jpg 768w\" data-sizes=\"(max-width: 800px) 100vw, 800px\" src=\"data:image\/svg+xml;base64,PHN2ZyB3aWR0aD0iMSIgaGVpZ2h0PSIxIiB4bWxucz0iaHR0cDovL3d3dy53My5vcmcvMjAwMC9zdmciPjwvc3ZnPg==\" style=\"--smush-placeholder-width: 800px; --smush-placeholder-aspect-ratio: 800\/499;\" \/><\/p>\n<\/div>\n<p>El entendimiento fue resultado de un trabajo articulado entre las autoridades legislativas y los organismos t\u00e9cnicos nacionales, tras la Resoluci\u00f3n N.\u00ba 183\/2025 de la Honorable C\u00e1mara de Diputados de Santa Cruz, que solicit\u00f3 soluciones concretas para garantizar el crecimiento energ\u00e9tico en el norte de la provincia.<\/p>\n<p>El organismo nacional inform\u00f3 que la empresa Camuzzi Gas del Sur confirm\u00f3 que el servicio se encuentra funcionando con normalidad, sin restricciones al consumo residencial, y en base a ello, acordaron incrementar en 2 kg\/cm\u00b2 la presi\u00f3n m\u00ednima y promedio de entrega, alcanzando una nueva presi\u00f3n promedio diaria de 41 kg\/cm\u00b2 en la C\u00e1mara Puerto Deseado (PM-255). Este avance permitir\u00e1 incorporar hasta 692 nuevos usuarios residenciales en Puerto Deseado (11,7%) y 82 nuevos usuarios en las localidades abastecidas por Distrigas S.A. (17,6%), sin necesidad de realizar nuevas obras de infraestructura,<\/p>\n<p>\u201cEste es un paso importante para dar tranquilidad a las familias y comercios del norte de Santa Cruz. Cuando trabajamos en equipo y gestionamos con seriedad, los resultados llegan\u201d, expres\u00f3 la senadora Natalia Gadano.<\/p>\n<p>Por su parte, el diputado Santiago Aberastain destac\u00f3: \u201cLlevamos la voz de los vecinos a los organismos nacionales, y logramos que el tema sea escuchado y atendido. Seguiremos acompa\u00f1ando cada avance hasta que el servicio sea estable y equitativo para todos\u201d.<\/p>\n<p>Los legisladores, que responden al gobernador Claudio Vidal, remarcaron que esta gesti\u00f3n conjunta refleja el compromiso del espacio con las necesidades reales de la provincia y con una pol\u00edtica cercana, que escucha y act\u00faa.<\/p>\n<p>\u201cAgradecemos a los vecinos de Puerto Deseado, Jaramillo y Fitz Roy por su paciencia y por confiar en nuestro trabajo. Este logro tambi\u00e9n es de ustedes\u201d, concluyeron los legisladores.<\/p>\n","protected":false},"excerpt":{"rendered":"<p>Martes, 21 Octubre 2025 &#8211; Gracias a la gesti\u00f3n conjunta de la senadora nacional, Natalia Gadano, y del diputado provincial,<\/p>\n","protected":false},"author":8,"featured_media":37169,"comment_status":"closed","ping_status":"closed","sticky":false,"template":"","format":"standard","meta":{"footnotes":""},"categories":[33],"tags":[],"class_list":["post-37168","post","type-post","status-publish","format-standard","has-post-thumbnail","hentry","category-politica"],"_links":{"self":[{"href":"https:\/\/ecosdelsur.com\/index.php?rest_route=\/wp\/v2\/posts\/37168","targetHints":{"allow":["GET"]}}],"collection":[{"href":"https:\/\/ecosdelsur.com\/index.php?rest_route=\/wp\/v2\/posts"}],"about":[{"href":"https:\/\/ecosdelsur.com\/index.php?rest_route=\/wp\/v2\/types\/post"}],"author":[{"embeddable":true,"href":"https:\/\/ecosdelsur.com\/index.php?rest_route=\/wp\/v2\/users\/8"}],"replies":[{"embeddable":true,"href":"https:\/\/ecosdelsur.com\/index.php?rest_route=%2Fwp%2Fv2%2Fcomments&post=37168"}],"version-history":[{"count":0,"href":"https:\/\/ecosdelsur.com\/index.php?rest_route=\/wp\/v2\/posts\/37168\/revisions"}],"wp:featuredmedia":[{"embeddable":true,"href":"https:\/\/ecosdelsur.com\/index.php?rest_route=\/wp\/v2\/media\/37169"}],"wp:attachment":[{"href":"https:\/\/ecosdelsur.com\/index.php?rest_route=%2Fwp%2Fv2%2Fmedia&parent=37168"}],"wp:term":[{"taxonomy":"category","embeddable":true,"href":"https:\/\/ecosdelsur.com\/index.php?rest_route=%2Fwp%2Fv2%2Fcategories&post=37168"},{"taxonomy":"post_tag","embeddable":true,"href":"https:\/\/ecosdelsur.com\/index.php?rest_route=%2Fwp%2Fv2%2Ftags&post=37168"}],"curies":[{"name":"wp","href":"https:\/\/api.w.org\/{rel}","templated":true}]}}