{"id":37162,"date":"2025-10-21T19:45:49","date_gmt":"2025-10-21T19:45:49","guid":{"rendered":"https:\/\/ecosdelsur.com\/?p=37162"},"modified":"2025-10-21T19:45:49","modified_gmt":"2025-10-21T19:45:49","slug":"cayo-128-la-actividad-economica-en-santa-cruz-y-la-federacion-economica-advierte-una-crisis-sin-precedentes","status":"publish","type":"post","link":"https:\/\/ecosdelsur.com\/?p=37162","title":{"rendered":"Cay\u00f3 12,8% la actividad econ\u00f3mica en Santa Cruz y la Federaci\u00f3n Econ\u00f3mica advierte una crisis sin precedentes"},"content":{"rendered":"<p>El presidente de la Federaci\u00f3n Econ\u00f3mica de Santa Cruz, Guillermo Polke, expres\u00f3 su profunda preocupaci\u00f3n por la ca\u00edda de la actividad econ\u00f3mica en la provincia durante septiembre. El informe de la entidad marc\u00f3 un retroceso del 12,8%, reflejando una situaci\u00f3n cr\u00edtica para las pymes, el comercio y los sectores productivos.<\/p>\n<p>La Federaci\u00f3n Econ\u00f3mica de Santa Cruz (FESC) difundi\u00f3 un informe que encendi\u00f3 las alarmas en toda la provincia: la actividad econ\u00f3mica cay\u00f3 un 12,8% en septiembre, profundizando una crisis que, seg\u00fan su presidente Guillermo Polke, \u201cya lleva varios meses y no encuentra un piso\u201d.<\/p>\n<p>En di\u00e1logo con Ecos Noticias, Polke advirti\u00f3 que \u201cla situaci\u00f3n de Santa Cruz es todav\u00eda m\u00e1s compleja que la del resto del pa\u00eds\u201d debido a factores estructurales que agravan el contexto nacional. \u201cEl retiro de YPF, la paralizaci\u00f3n de las represas por m\u00e1s de dos a\u00f1os, la ca\u00edda en la construcci\u00f3n y los problemas en la pesca conforman una tormenta perfecta para nuestra econom\u00eda\u201d, se\u00f1al\u00f3.<\/p>\n<p>Emergencia PYME y reclamos al Gobierno<\/p>\n<p>El dirigente explic\u00f3 que la Federaci\u00f3n solicit\u00f3 formalmente al Gobierno provincial y a la Legislatura que se declare la emergencia PYME y comercial, ante la ca\u00edda de ventas y el aumento de la recesi\u00f3n. \u201cHemos sido contactados por el diputado Pedro Luxen, quien adelant\u00f3 que seremos convocados a la Comisi\u00f3n correspondiente en los pr\u00f3ximos d\u00edas para exponer los n\u00fameros reales de los sectores productivos\u201d, precis\u00f3.<\/p>\n<p>Seg\u00fan Polke, rubros como alimentos y bebidas muestran ca\u00eddas superiores al 14%, afectando especialmente a los peque\u00f1os comercios. \u201cSon negocios familiares que viven del d\u00eda a d\u00eda y hoy est\u00e1n en riesgo de desaparecer\u201d, alert\u00f3.<\/p>\n<p>Un contexto nacional adverso<\/p>\n<p>Consultado sobre la situaci\u00f3n nacional, Polke consider\u00f3 que \u201cel pa\u00eds atraviesa una recesi\u00f3n profunda que golpea el consumo y endeuda a las familias\u201d. \u201cEl 90% de los argentinos est\u00e1 endeudado con tarjetas de cr\u00e9dito, pagando el m\u00ednimo, y eso restringe totalmente el consumo. No hay circulante, y sin consumo no hay actividad\u201d, expres\u00f3.<\/p>\n<p>El empresario tambi\u00e9n critic\u00f3 la pol\u00edtica econ\u00f3mica del Gobierno nacional, asegurando que \u201cno hay un plan productivo ni de desarrollo\u201d y que las medidas \u201csolo profundizan la bicicleta financiera\u201d. \u201cPor m\u00e1s d\u00f3lares que ingresen, si no se impulsa la producci\u00f3n, el empleo y la industria, no va a haber estabilidad posible\u201d, afirm\u00f3.<\/p>\n<p>El impacto provincial: menos recaudaci\u00f3n y m\u00e1s desigualdad<\/p>\n<p>En el plano local, Polke explic\u00f3 que la crisis econ\u00f3mica tambi\u00e9n se refleja en la ca\u00edda de la recaudaci\u00f3n provincial y municipal. \u201cLa salida de YPF redujo las regal\u00edas y, en consecuencia, la coparticipaci\u00f3n. Eso repercute directamente en los ingresos de los municipios, donde vemos sueldos municipales que no alcanzan ni para pagar los servicios b\u00e1sicos\u201d, advirti\u00f3.<\/p>\n<p>\u201cHoy hay trabajadores que ganan 400 o 500 mil pesos y no pueden llegar a fin de mes. Eso explica por qu\u00e9 crece la venta ilegal y el comercio informal: la gente busca sobrevivir como puede\u201d, agreg\u00f3.<\/p>\n<p>Preocupaci\u00f3n por el futuro<\/p>\n<p>De cara al escenario postelectoral, Polke se mostr\u00f3 pesimista. \u201cSi al Gobierno no le va bien, habr\u00e1 una situaci\u00f3n econ\u00f3mica compleja. Pero si le va bien, temo que profundice las pol\u00edticas que nos trajeron hasta ac\u00e1. Ya estamos a mitad de camino, como dicen, y si esto sigue as\u00ed, no s\u00e9 c\u00f3mo se sostiene el pa\u00eds productivo\u201d, reflexion\u00f3.<\/p>\n<p>Finalmente, remarc\u00f3 que la falta de pol\u00edticas activas est\u00e1 empujando a muchas empresas a abandonar el pa\u00eds. \u201cEn los \u00faltimos meses, 16 multinacionales cerraron o se fueron de Argentina. Lo que prometieron como un modelo de inversi\u00f3n termin\u00f3 en m\u00e1s recesi\u00f3n y desempleo\u201d, concluy\u00f3.<\/p>\n","protected":false},"excerpt":{"rendered":"<p>El presidente de la Federaci\u00f3n Econ\u00f3mica de Santa Cruz, Guillermo Polke, expres\u00f3 su profunda preocupaci\u00f3n por la ca\u00edda de la<\/p>\n","protected":false},"author":8,"featured_media":37163,"comment_status":"closed","ping_status":"closed","sticky":false,"template":"","format":"standard","meta":{"footnotes":""},"categories":[33],"tags":[458,1253,48],"class_list":["post-37162","post","type-post","status-publish","format-standard","has-post-thumbnail","hentry","category-politica","tag-camara-de-comercio","tag-guillermo-polke","tag-santa-cruz"],"_links":{"self":[{"href":"https:\/\/ecosdelsur.com\/index.php?rest_route=\/wp\/v2\/posts\/37162","targetHints":{"allow":["GET"]}}],"collection":[{"href":"https:\/\/ecosdelsur.com\/index.php?rest_route=\/wp\/v2\/posts"}],"about":[{"href":"https:\/\/ecosdelsur.com\/index.php?rest_route=\/wp\/v2\/types\/post"}],"author":[{"embeddable":true,"href":"https:\/\/ecosdelsur.com\/index.php?rest_route=\/wp\/v2\/users\/8"}],"replies":[{"embeddable":true,"href":"https:\/\/ecosdelsur.com\/index.php?rest_route=%2Fwp%2Fv2%2Fcomments&post=37162"}],"version-history":[{"count":0,"href":"https:\/\/ecosdelsur.com\/index.php?rest_route=\/wp\/v2\/posts\/37162\/revisions"}],"wp:featuredmedia":[{"embeddable":true,"href":"https:\/\/ecosdelsur.com\/index.php?rest_route=\/wp\/v2\/media\/37163"}],"wp:attachment":[{"href":"https:\/\/ecosdelsur.com\/index.php?rest_route=%2Fwp%2Fv2%2Fmedia&parent=37162"}],"wp:term":[{"taxonomy":"category","embeddable":true,"href":"https:\/\/ecosdelsur.com\/index.php?rest_route=%2Fwp%2Fv2%2Fcategories&post=37162"},{"taxonomy":"post_tag","embeddable":true,"href":"https:\/\/ecosdelsur.com\/index.php?rest_route=%2Fwp%2Fv2%2Ftags&post=37162"}],"curies":[{"name":"wp","href":"https:\/\/api.w.org\/{rel}","templated":true}]}}