{"id":37159,"date":"2025-10-21T19:27:45","date_gmt":"2025-10-21T19:27:45","guid":{"rendered":"https:\/\/ecosdelsur.com\/?p=37159"},"modified":"2025-10-21T19:27:45","modified_gmt":"2025-10-21T19:27:45","slug":"la-camara-de-diputados-reconocio-a-miguel-nieva-como-vecino-destacado-de-caleta-olivia","status":"publish","type":"post","link":"https:\/\/ecosdelsur.com\/?p=37159","title":{"rendered":"La C\u00e1mara de Diputados reconoci\u00f3 a Miguel Nieva como vecino destacado de Caleta Olivia"},"content":{"rendered":"<p>En un emotivo encuentro realizado en la sede de la Uni\u00f3n Vecinal del Barrio Mirador, la C\u00e1mara de Diputados de la Provincia de Santa Cruz otorg\u00f3 un reconocimiento al vecino Miguel Ar\u00edstides Nieva, en m\u00e9rito a su destacada trayectoria, compromiso social y permanente labor en favor del desarrollo comunitario, cultural y deportivo de Caleta Olivia.<\/p>\n<p>La distinci\u00f3n fue entregada por el diputado provincial Pedro Mu\u00f1oz, autor del proyecto aprobado por unanimidad por los 24 legisladores provinciales, que lo declar\u00f3 \u201cVecino destacado de la ciudad de Caleta Olivia\u201d.<\/p>\n<p>\u201cPara m\u00ed es un honor presentar este tipo de proyectos que reconocen el esfuerzo, la entrega y el compromiso con los vecinos. Es muy significativo que la C\u00e1mara haya acompa\u00f1ado por unanimidad esta iniciativa\u201d, expres\u00f3 Mu\u00f1oz durante el acto.<\/p>\n<p>\u201cMiguel es un ejemplo de participaci\u00f3n y solidaridad. Dedic\u00f3 a\u00f1os de trabajo a su comunidad, dejando de lado tiempo personal y familiar para resolver problemas, acompa\u00f1ar a sus vecinos y fortalecer los lazos barriales\u201d, agreg\u00f3.<\/p>\n<p>La propuesta surgi\u00f3 por iniciativa de vecinos del Barrio Mirador, quienes impulsaron la nominaci\u00f3n de Nieva con el acompa\u00f1amiento de la referente vecinal Mariana Olmos, en reconocimiento a su incansable labor comunitaria.<\/p>\n<p>El proyecto aprobado por la C\u00e1mara provincial destaca en sus fundamentos: \u201cReconocer y felicitar la destacada trayectoria y el compromiso del ciudadano Miguel Ar\u00edstides Nieva, vecino de la ciudad de Caleta Olivia, por su permanente labor en favor del desarrollo barrial, cultural y deportivo de la comunidad, ejemplo de participaci\u00f3n, esfuerzo y solidaridad.\u201d<\/p>\n<p>Visiblemente emocionado, Nieva agradeci\u00f3 el gesto de sus vecinos y de los legisladores: \u201cEstoy muy agradecido con todos, con Pedro, con mis vecinos, con mi familia. No tengo palabras. Esto me llena de orgullo y emoci\u00f3n\u201d, expres\u00f3 durante el brindis que coron\u00f3 la ceremonia, acompa\u00f1ado de familiares, amigos y referentes barriales.<\/p>\n<p>Tambi\u00e9n particip\u00f3 del encuentro el diputado nacional Maximiliano Ferraro, presidente de la Coalici\u00f3n C\u00edvica Nacional, quien felicit\u00f3 al homenajeado y destac\u00f3 la importancia de reconocer el compromiso ciudadano: \u201cEstos gestos son los que fortalecen el tejido social. Miguel representa a tantos vecinos que trabajan silenciosamente por su comunidad, sin esperar nada a cambio\u201d, se\u00f1al\u00f3.<\/p>\n<p>El acto concluy\u00f3 con un brindis en honor al homenajeado y el reconocimiento un\u00e1nime de toda la comunidad presente, que celebr\u00f3 con aplausos a quien, desde hace a\u00f1os, se ha convertido en un referente de solidaridad y trabajo en el Barrio Mirador.<\/p>\n","protected":false},"excerpt":{"rendered":"<p>En un emotivo encuentro realizado en la sede de la Uni\u00f3n Vecinal del Barrio Mirador, la C\u00e1mara de Diputados de<\/p>\n","protected":false},"author":8,"featured_media":37160,"comment_status":"closed","ping_status":"closed","sticky":false,"template":"","format":"standard","meta":{"footnotes":""},"categories":[33],"tags":[60,1298,1299],"class_list":["post-37159","post","type-post","status-publish","format-standard","has-post-thumbnail","hentry","category-politica","tag-caleta-olivia","tag-miguel-nieva","tag-vecino-destacado"],"_links":{"self":[{"href":"https:\/\/ecosdelsur.com\/index.php?rest_route=\/wp\/v2\/posts\/37159","targetHints":{"allow":["GET"]}}],"collection":[{"href":"https:\/\/ecosdelsur.com\/index.php?rest_route=\/wp\/v2\/posts"}],"about":[{"href":"https:\/\/ecosdelsur.com\/index.php?rest_route=\/wp\/v2\/types\/post"}],"author":[{"embeddable":true,"href":"https:\/\/ecosdelsur.com\/index.php?rest_route=\/wp\/v2\/users\/8"}],"replies":[{"embeddable":true,"href":"https:\/\/ecosdelsur.com\/index.php?rest_route=%2Fwp%2Fv2%2Fcomments&post=37159"}],"version-history":[{"count":0,"href":"https:\/\/ecosdelsur.com\/index.php?rest_route=\/wp\/v2\/posts\/37159\/revisions"}],"wp:featuredmedia":[{"embeddable":true,"href":"https:\/\/ecosdelsur.com\/index.php?rest_route=\/wp\/v2\/media\/37160"}],"wp:attachment":[{"href":"https:\/\/ecosdelsur.com\/index.php?rest_route=%2Fwp%2Fv2%2Fmedia&parent=37159"}],"wp:term":[{"taxonomy":"category","embeddable":true,"href":"https:\/\/ecosdelsur.com\/index.php?rest_route=%2Fwp%2Fv2%2Fcategories&post=37159"},{"taxonomy":"post_tag","embeddable":true,"href":"https:\/\/ecosdelsur.com\/index.php?rest_route=%2Fwp%2Fv2%2Ftags&post=37159"}],"curies":[{"name":"wp","href":"https:\/\/api.w.org\/{rel}","templated":true}]}}