{"id":35940,"date":"2025-09-17T05:06:41","date_gmt":"2025-09-17T05:06:41","guid":{"rendered":"https:\/\/ecosdelsur.com\/?p=35940"},"modified":"2025-09-17T13:42:29","modified_gmt":"2025-09-17T13:42:29","slug":"prosigue-la-ampliacion-de-la-pista-de-atletismo","status":"publish","type":"post","link":"https:\/\/ecosdelsur.com\/?p=35940","title":{"rendered":"Prosigue la ampliaci\u00f3n de la pista de atletismo"},"content":{"rendered":"<div class=\"row\">\n<div class=\"col-xs-12\"><span style=\"color: #ff0000;\">16 de septiembre de 2025 &#8211; <\/span>La primera etapa de la pista de atletismo de Ca\u00f1ad\u00f3n Seco, ubicada en el barrio Gas del Estado, fue inaugurada el 18 de mayo de 2024 y actualmente contin\u00faan a ritmo intenso los trabajos para completar un trazado ovoidal de 200 metros. <img decoding=\"async\" class=\"alignnone size-full wp-image-35945 lazyload\" data-src=\"https:\/\/ecosdelsur.com\/wp-content\/uploads\/2025\/09\/sin-titulo-1.jpeg\" alt=\"\" width=\"768\" height=\"467\" data-srcset=\"https:\/\/ecosdelsur.com\/wp-content\/uploads\/2025\/09\/sin-titulo-1.jpeg 768w, https:\/\/ecosdelsur.com\/wp-content\/uploads\/2025\/09\/sin-titulo-1-300x182.jpeg 300w\" data-sizes=\"(max-width: 768px) 100vw, 768px\" src=\"data:image\/svg+xml;base64,PHN2ZyB3aWR0aD0iMSIgaGVpZ2h0PSIxIiB4bWxucz0iaHR0cDovL3d3dy53My5vcmcvMjAwMC9zdmciPjwvc3ZnPg==\" style=\"--smush-placeholder-width: 768px; --smush-placeholder-aspect-ratio: 768\/467;\" \/><\/div>\n<div>\n<p>Fomento, con el apoyo log\u00edstico de empresas de servicios Geovial, Pecom y Cerro Drag\u00f3n y de Vialidad Provincial distrito Ca\u00f1ad\u00f3n Seco, facilitando maquinaria pesada, coordinaron las tareas de compactaci\u00f3n del suelo del nuevo sector intervenido utiliz\u00e1ndose para ello material extra\u00eddo de la ex cantera de YPF ubicada sobre la ruta 99.<\/p>\n<p>El plan contempla dar continuidad a la recta de seis andariveles y de 100 metros hormigonada inaugurada en la fecha indicada por quien fuera el presidente de la comuna, Jorge Marcelo Soloaga, en el marco de uno de los m\u00faltiples proyectos de pol\u00edtica deportiva de su gesti\u00f3n que tiene continuidad con el equipo de trabajo que conformara.<\/p>\n<p>Los primeros movimientos de suelo de esta segunda etapa fueron subdivididos en varios tramos comenzando a mediados de enero de 2025.<\/p>\n<p>Se realizaron un total de 94 viajes de camiones de 6m3 aproximadamente, transportando material para el relleno, utiliz\u00e1ndose una motoniveladora para el perfilado y el cami\u00f3n de agua para regar y lograr la compactaci\u00f3n de la tierra.<\/p>\n<p>Seguidamente se continu\u00f3 con el equipo vibro, aportado por Vialidad Provincial, para lograr una superficie m\u00e1s compacta y firme a fin de que el terreno no se deforme por las distintas inclemencias clim\u00e1ticas.<\/p>\n<p>Finalmente, restando algunos trabajos complementarios de relleno, se prev\u00e9 el trazado de los nuevos andariveles (los de curvas y nueva recta) ensamblados con los de la recta hormigonada ya existente para que los atletas de todas las edades puedan contar con una pista completa.<\/p>\n<p>En detalle, se hizo saber que la empresa Geovial . aport\u00f3 un cami\u00f3n volcador; Cerro Drag\u00f3n y Pecom m\u00e1quinas retroexcavadora y por su parte Vialidad Provincial puso a disposici\u00f3n un cami\u00f3n volcador, una m\u00e1quina pala-cargadora, una m\u00e1quina motoniveladora y un compactador, adem\u00e1s de su recurso humano para llevar a cabo este arduo trabajo.<\/p>\n<p>En tanto, a trav\u00e9s de su Direcci\u00f3n de Servicios, la comuna dispuso de un cami\u00f3n volcador, una mini pala Bob Cat, un cami\u00f3n de agua regador y camionetas 4 x 4.<\/p>\n<\/div>\n<\/div>\n","protected":false},"excerpt":{"rendered":"<p>16 de septiembre de 2025 &#8211; La primera etapa de la pista de atletismo de Ca\u00f1ad\u00f3n Seco, ubicada en el<\/p>\n","protected":false},"author":8,"featured_media":35946,"comment_status":"closed","ping_status":"closed","sticky":false,"template":"","format":"standard","meta":{"footnotes":""},"categories":[35],"tags":[],"class_list":["post-35940","post","type-post","status-publish","format-standard","has-post-thumbnail","hentry","category-sociedad"],"_links":{"self":[{"href":"https:\/\/ecosdelsur.com\/index.php?rest_route=\/wp\/v2\/posts\/35940","targetHints":{"allow":["GET"]}}],"collection":[{"href":"https:\/\/ecosdelsur.com\/index.php?rest_route=\/wp\/v2\/posts"}],"about":[{"href":"https:\/\/ecosdelsur.com\/index.php?rest_route=\/wp\/v2\/types\/post"}],"author":[{"embeddable":true,"href":"https:\/\/ecosdelsur.com\/index.php?rest_route=\/wp\/v2\/users\/8"}],"replies":[{"embeddable":true,"href":"https:\/\/ecosdelsur.com\/index.php?rest_route=%2Fwp%2Fv2%2Fcomments&post=35940"}],"version-history":[{"count":0,"href":"https:\/\/ecosdelsur.com\/index.php?rest_route=\/wp\/v2\/posts\/35940\/revisions"}],"wp:featuredmedia":[{"embeddable":true,"href":"https:\/\/ecosdelsur.com\/index.php?rest_route=\/wp\/v2\/media\/35946"}],"wp:attachment":[{"href":"https:\/\/ecosdelsur.com\/index.php?rest_route=%2Fwp%2Fv2%2Fmedia&parent=35940"}],"wp:term":[{"taxonomy":"category","embeddable":true,"href":"https:\/\/ecosdelsur.com\/index.php?rest_route=%2Fwp%2Fv2%2Fcategories&post=35940"},{"taxonomy":"post_tag","embeddable":true,"href":"https:\/\/ecosdelsur.com\/index.php?rest_route=%2Fwp%2Fv2%2Ftags&post=35940"}],"curies":[{"name":"wp","href":"https:\/\/api.w.org\/{rel}","templated":true}]}}