{"id":35935,"date":"2025-09-17T04:27:38","date_gmt":"2025-09-17T04:27:38","guid":{"rendered":"https:\/\/ecosdelsur.com\/?p=35935"},"modified":"2025-09-17T04:40:26","modified_gmt":"2025-09-17T04:40:26","slug":"el-concejal-aparicio-participa-en-un-encuentro-nacional","status":"publish","type":"post","link":"https:\/\/ecosdelsur.com\/?p=35935","title":{"rendered":"El concejal Aparicio participa en un Encuentro Nacional"},"content":{"rendered":"<div class=\"row\">\n<div class=\"col-xs-12\">\n<div class=\"itemToolbar2\">\n<p><span class=\"itemDateCreated\" style=\"color: #ff0000;\">Martes, 16 Septiembre 2025 &#8211; <\/span>El concejal de Caleta Olivia, Carlos Aparicio, integra la delegaci\u00f3n de legisladores comunales de Santa Cruz que participan en Buenos Aires del 7\u00ba Encuentro Nacional de Concejos Deliberantes.<\/p>\n<p><img decoding=\"async\" class=\"alignnone size-full wp-image-35936 lazyload\" data-src=\"https:\/\/ecosdelsur.com\/wp-content\/uploads\/2025\/09\/WhatsApp-Image-2025-09-15-at-16.00.09-1.jpeg\" alt=\"\" width=\"954\" height=\"576\" data-srcset=\"https:\/\/ecosdelsur.com\/wp-content\/uploads\/2025\/09\/WhatsApp-Image-2025-09-15-at-16.00.09-1.jpeg 954w, https:\/\/ecosdelsur.com\/wp-content\/uploads\/2025\/09\/WhatsApp-Image-2025-09-15-at-16.00.09-1-300x181.jpeg 300w, https:\/\/ecosdelsur.com\/wp-content\/uploads\/2025\/09\/WhatsApp-Image-2025-09-15-at-16.00.09-1-768x464.jpeg 768w\" data-sizes=\"(max-width: 954px) 100vw, 954px\" src=\"data:image\/svg+xml;base64,PHN2ZyB3aWR0aD0iMSIgaGVpZ2h0PSIxIiB4bWxucz0iaHR0cDovL3d3dy53My5vcmcvMjAwMC9zdmciPjwvc3ZnPg==\" style=\"--smush-placeholder-width: 954px; --smush-placeholder-aspect-ratio: 954\/576;\" \/><\/p>\n<p>El evento que comenz\u00f3 este lunes en la Legislatura porte\u00f1a, es compartido por referentes de 60 delegaciones de todo el pa\u00eds. Se extender\u00e1 hasta ma\u00f1ana martes y tiene como objetivo intercambiar experiencias y fortalecer la labor legislativa local.<\/p>\n<p>La primera jornada estuvo centrada en el eje \u201cJuventud, Riesgos y Acci\u00f3n\u201d, con exposiciones sobre bullying, grooming y consumos problem\u00e1ticos a cargo de Mat\u00edas Kornetz, director general de Pol\u00edticas Sociales en Adicciones del Gobierno porte\u00f1o y creador de la Fundaci\u00f3n Prevenir es Amar.<\/p>\n<p>Tambi\u00e9n la Fundaci\u00f3n \u00c9foro expuso sobre participaci\u00f3n ciudadana juvenil, abriendo un debate sobre la necesidad de sumar a las y los j\u00f3venes a la vida democr\u00e1tica.<\/p>\n<p>En ese marco, Aparicio (a la derecha de la fotograf\u00eda) destac\u00f3 la importancia de estos espacios donde se discuten problem\u00e1ticas comunes y se comparten estrategias legislativas.<\/p>\n<p>\u201cTemas como la salud mental y la prevenci\u00f3n de adicciones no pueden esperar. Lo que se trabaja ac\u00e1 puede transformarse en pol\u00edticas p\u00fablicas reales en cada ciudad. En Caleta Olivia estamos avanzando con propuestas y programas para fortalecer la contenci\u00f3n social y el acompa\u00f1amiento a los j\u00f3venes\u201d, subray\u00f3 el edil caletense.<\/p>\n<p>Ma\u00f1ana martes se abordar\u00e1 un nuevo eje: \u201cInnovaci\u00f3n digital en Concejos Deliberantes: inteligencia artificial al servicio de la transparencia y la eficiencia legislativa\u201d, donde se debatir\u00e1 el impacto de las nuevas tecnolog\u00edas en los parlamentos locales.<\/p>\n<\/div>\n<\/div>\n<\/div>\n","protected":false},"excerpt":{"rendered":"<p>Martes, 16 Septiembre 2025 &#8211; El concejal de Caleta Olivia, Carlos Aparicio, integra la delegaci\u00f3n de legisladores comunales de Santa<\/p>\n","protected":false},"author":8,"featured_media":35937,"comment_status":"closed","ping_status":"closed","sticky":false,"template":"","format":"standard","meta":{"footnotes":""},"categories":[33],"tags":[],"class_list":["post-35935","post","type-post","status-publish","format-standard","has-post-thumbnail","hentry","category-politica"],"_links":{"self":[{"href":"https:\/\/ecosdelsur.com\/index.php?rest_route=\/wp\/v2\/posts\/35935","targetHints":{"allow":["GET"]}}],"collection":[{"href":"https:\/\/ecosdelsur.com\/index.php?rest_route=\/wp\/v2\/posts"}],"about":[{"href":"https:\/\/ecosdelsur.com\/index.php?rest_route=\/wp\/v2\/types\/post"}],"author":[{"embeddable":true,"href":"https:\/\/ecosdelsur.com\/index.php?rest_route=\/wp\/v2\/users\/8"}],"replies":[{"embeddable":true,"href":"https:\/\/ecosdelsur.com\/index.php?rest_route=%2Fwp%2Fv2%2Fcomments&post=35935"}],"version-history":[{"count":0,"href":"https:\/\/ecosdelsur.com\/index.php?rest_route=\/wp\/v2\/posts\/35935\/revisions"}],"wp:featuredmedia":[{"embeddable":true,"href":"https:\/\/ecosdelsur.com\/index.php?rest_route=\/wp\/v2\/media\/35937"}],"wp:attachment":[{"href":"https:\/\/ecosdelsur.com\/index.php?rest_route=%2Fwp%2Fv2%2Fmedia&parent=35935"}],"wp:term":[{"taxonomy":"category","embeddable":true,"href":"https:\/\/ecosdelsur.com\/index.php?rest_route=%2Fwp%2Fv2%2Fcategories&post=35935"},{"taxonomy":"post_tag","embeddable":true,"href":"https:\/\/ecosdelsur.com\/index.php?rest_route=%2Fwp%2Fv2%2Ftags&post=35935"}],"curies":[{"name":"wp","href":"https:\/\/api.w.org\/{rel}","templated":true}]}}