{"id":35436,"date":"2025-09-09T13:02:22","date_gmt":"2025-09-09T13:02:22","guid":{"rendered":"https:\/\/ecosdelsur.com\/?p=35436"},"modified":"2025-09-09T13:02:22","modified_gmt":"2025-09-09T13:02:22","slug":"caleta-olivia-el-cic-gobernador-gregores-reabrio-sus-puertas-a-la-comunidad","status":"publish","type":"post","link":"https:\/\/ecosdelsur.com\/?p=35436","title":{"rendered":"Caleta Olivia: El CIC Gobernador Gregores reabri\u00f3 sus puertas a la comunidad"},"content":{"rendered":"<p><span class=\"itemDateCreated\" style=\"color: #ff0000;\">Lunes, 08 Septiembre 2025 &#8211; <\/span>Este lunes, el Centro Integrador Comunitario (CIC) Gobernador Gregores de Caleta Olivia reabri\u00f3 sus puertas tras un proceso de reacondicionamiento edilicio y puesta en valor, concretado gracias al trabajo articulado entre el Ministerio de Desarrollo Social, Igualdad e Integraci\u00f3n de la Provincia, el Instituto de Desarrollo Urbano y Vivienda (IDUV) y la Municipalidad de Caleta Olivia.<\/p>\n<div class=\"itemIntroText\">\n<p><img decoding=\"async\" class=\"alignnone size-full wp-image-35437 lazyload\" data-src=\"https:\/\/ecosdelsur.com\/wp-content\/uploads\/2025\/09\/5a5afe8f3a2dc196adbf83f4946f0fdb_XL.jpg\" alt=\"\" width=\"900\" height=\"675\" data-srcset=\"https:\/\/ecosdelsur.com\/wp-content\/uploads\/2025\/09\/5a5afe8f3a2dc196adbf83f4946f0fdb_XL.jpg 900w, https:\/\/ecosdelsur.com\/wp-content\/uploads\/2025\/09\/5a5afe8f3a2dc196adbf83f4946f0fdb_XL-300x225.jpg 300w, https:\/\/ecosdelsur.com\/wp-content\/uploads\/2025\/09\/5a5afe8f3a2dc196adbf83f4946f0fdb_XL-768x576.jpg 768w\" data-sizes=\"(max-width: 900px) 100vw, 900px\" src=\"data:image\/svg+xml;base64,PHN2ZyB3aWR0aD0iMSIgaGVpZ2h0PSIxIiB4bWxucz0iaHR0cDovL3d3dy53My5vcmcvMjAwMC9zdmciPjwvc3ZnPg==\" style=\"--smush-placeholder-width: 900px; --smush-placeholder-aspect-ratio: 900\/675;\" \/><\/p>\n<\/div>\n<div class=\"itemFullText\">\n<p>La directora provincial de Gesti\u00f3n e Integraci\u00f3n Territorial, Adriana Garz\u00f3n, y la directora del CIC, Mariela Alonso, destacaron la importancia de esta reapertura para una jurisdicci\u00f3n amplia y con una gran demanda de acompa\u00f1amiento social.<\/p>\n<p>\u201cEstamos muy agradecidas y muy contentas, creo que fue una sumatoria de muchas voluntades\u201d, expres\u00f3 Garz\u00f3n, subrayando el compromiso de los equipos que hicieron posible este logro. En la misma l\u00ednea, Alonso valor\u00f3 el esfuerzo colectivo al se\u00f1alar que \u201cfue mucho trabajo en com\u00fan con los compa\u00f1eros. Empezamos nosotros y terminamos nosotros, cada quien trabaj\u00f3 en su oficina, todo en conjunto, todo consensuado\u201d.<\/p>\n<p>Ambas funcionarias resaltaron el compromiso de cada trabajador del dispositivo, quienes colaboraron activamente en la recuperaci\u00f3n de los espacios, al tiempo que agradecieron al equipo del CIC Virgen del Valle por brindar apoyo y acompa\u00f1amiento durante el per\u00edodo de obras.<\/p>\n<p>Finalmente, Garz\u00f3n expres\u00f3 un agradecimiento especial a la ministra Luisa C\u00e1rdenas, por la decisi\u00f3n pol\u00edtica que permiti\u00f3 concretar la reapertura, al presidente del IDUV, Cristian Mansilla, al intendente Pablo Carrizo, y a los equipos del CIC Gobernador Gregores y sus familiares, que trabajaron incansablemente para devolver este espacio de atenci\u00f3n y encuentro a la comunidad de Caleta Olivia.<\/p>\n<\/div>\n<p>&nbsp;<\/p>\n<p>(Fuente: Gobierno de Santa Cruz)<\/p>\n","protected":false},"excerpt":{"rendered":"<p>Lunes, 08 Septiembre 2025 &#8211; Este lunes, el Centro Integrador Comunitario (CIC) Gobernador Gregores de Caleta Olivia reabri\u00f3 sus puertas<\/p>\n","protected":false},"author":8,"featured_media":35437,"comment_status":"closed","ping_status":"closed","sticky":false,"template":"","format":"standard","meta":{"footnotes":""},"categories":[1157,1156],"tags":[],"class_list":["post-35436","post","type-post","status-publish","format-standard","has-post-thumbnail","hentry","category-igualdad-e-integracion","category-ministerio-de-desarrollo-social"],"_links":{"self":[{"href":"https:\/\/ecosdelsur.com\/index.php?rest_route=\/wp\/v2\/posts\/35436","targetHints":{"allow":["GET"]}}],"collection":[{"href":"https:\/\/ecosdelsur.com\/index.php?rest_route=\/wp\/v2\/posts"}],"about":[{"href":"https:\/\/ecosdelsur.com\/index.php?rest_route=\/wp\/v2\/types\/post"}],"author":[{"embeddable":true,"href":"https:\/\/ecosdelsur.com\/index.php?rest_route=\/wp\/v2\/users\/8"}],"replies":[{"embeddable":true,"href":"https:\/\/ecosdelsur.com\/index.php?rest_route=%2Fwp%2Fv2%2Fcomments&post=35436"}],"version-history":[{"count":0,"href":"https:\/\/ecosdelsur.com\/index.php?rest_route=\/wp\/v2\/posts\/35436\/revisions"}],"wp:featuredmedia":[{"embeddable":true,"href":"https:\/\/ecosdelsur.com\/index.php?rest_route=\/wp\/v2\/media\/35437"}],"wp:attachment":[{"href":"https:\/\/ecosdelsur.com\/index.php?rest_route=%2Fwp%2Fv2%2Fmedia&parent=35436"}],"wp:term":[{"taxonomy":"category","embeddable":true,"href":"https:\/\/ecosdelsur.com\/index.php?rest_route=%2Fwp%2Fv2%2Fcategories&post=35436"},{"taxonomy":"post_tag","embeddable":true,"href":"https:\/\/ecosdelsur.com\/index.php?rest_route=%2Fwp%2Fv2%2Ftags&post=35436"}],"curies":[{"name":"wp","href":"https:\/\/api.w.org\/{rel}","templated":true}]}}