{"id":35433,"date":"2025-09-09T12:43:47","date_gmt":"2025-09-09T12:43:47","guid":{"rendered":"https:\/\/ecosdelsur.com\/?p=35433"},"modified":"2025-09-09T12:43:47","modified_gmt":"2025-09-09T12:43:47","slug":"vialidad-en-los-barrios-nuestra-presencia-es-muy-importante-los-vecinos-estan-contentos-y-dan-su-apoyo","status":"publish","type":"post","link":"https:\/\/ecosdelsur.com\/?p=35433","title":{"rendered":"Vialidad en los barrios: \u201cNuestra presencia es muy importante, los vecinos est\u00e1n contentos y dan su apoyo\u201d"},"content":{"rendered":"<p><span class=\"itemDateCreated\" style=\"color: #ff0000;\">Lunes, 08 Septiembre 2025 &#8211; <\/span>As\u00ed lo sostuvo el jefe de Vialidad Provincial Distrito R\u00edo Gallegos, Roberto Antipa, en relaci\u00f3n a los trabajos que la empresa realiza en los barrios de la capital santacruce\u00f1a. Vale sostener que, llevan a cabo tareas de repaso y perfilado de las calles de un sector populoso de la ciudad.<\/p>\n<div class=\"itemIntroText\">\n<p><img decoding=\"async\" class=\"alignnone size-full wp-image-35434 lazyload\" data-src=\"https:\/\/ecosdelsur.com\/wp-content\/uploads\/2025\/09\/1d2d046b59167bc7ab62a85cea69aa4a_XL.jpg\" alt=\"\" width=\"900\" height=\"600\" data-srcset=\"https:\/\/ecosdelsur.com\/wp-content\/uploads\/2025\/09\/1d2d046b59167bc7ab62a85cea69aa4a_XL.jpg 900w, https:\/\/ecosdelsur.com\/wp-content\/uploads\/2025\/09\/1d2d046b59167bc7ab62a85cea69aa4a_XL-300x200.jpg 300w, https:\/\/ecosdelsur.com\/wp-content\/uploads\/2025\/09\/1d2d046b59167bc7ab62a85cea69aa4a_XL-768x512.jpg 768w\" data-sizes=\"(max-width: 900px) 100vw, 900px\" src=\"data:image\/svg+xml;base64,PHN2ZyB3aWR0aD0iMSIgaGVpZ2h0PSIxIiB4bWxucz0iaHR0cDovL3d3dy53My5vcmcvMjAwMC9zdmciPjwvc3ZnPg==\" style=\"--smush-placeholder-width: 900px; --smush-placeholder-aspect-ratio: 900\/600;\" \/><\/p>\n<\/div>\n<div class=\"itemFullText\">\n<p>Operarios de la empresa mantienen una ardua labor en los barrios 22 de Septiembre, Bicentenario III, Bicentenario IV y alrededores, cumpliendo as\u00ed la solicitud de los vecinos, a trav\u00e9s de gestiones presentadas por los concejales del partido SER de R\u00edo Gallegos.<\/p>\n<p>El jefe distrital de Vialidad Provincial explic\u00f3 que se est\u00e1n realizando obras de mejora en calles del barrio 22 de Septiembre, con la colaboraci\u00f3n de otros entes, y un buen apoyo de los vecinos. Las obras se est\u00e1n desarrollando a largo de toda la semana.<\/p>\n<p>Vialidad ha desplegado maquinaria en el lugar, sobre lo cual en declaraciones a la Subsecretar\u00eda de Producci\u00f3n y Contenidos dijo la autoridad: \u201cEstamos en las calles 80, 82, 84,86, 88 y 90, y esto forma parte de un proceso conjunto interministerial, no solamente llegamos nosotros, sino otros entes tambi\u00e9n como el Instituto de Desarrollo Urbano y Vivienda (IDUV) o Distrigas S.A.\u201d.<\/p>\n<p>Adem\u00e1s, Antipa fue contundente y recalc\u00f3 que \u201cpor aportes de los entes, tenemos las m\u00e1quinas necesarias, sin descuidar nuestra presencia en las rutas, donde realizamos las labores acordes\u201d.<\/p>\n<p><strong>La transitabilidad<\/strong><\/p>\n<p>Los trabajos, que se ejecutan con motoniveladora, camiones y rodillo compactador, tienen como principal objetivo mejorar la transitabilidad, y reforzar la seguridad de los vecinos que circulan por estos barrios perif\u00e9ricos de la ciudad capital. \u201cNuestra presencia se debe a que, luego del invierno o de alguna precipitaci\u00f3n, la transitabilidad se hace dif\u00edcil, por eso nuestro aporte es muy importante. Los vecinos est\u00e1n contentos y nos brindan su apoyo; es un contacto muy cordial. Calculamos que m\u00e1s de 1000 se movilizan por este sector\u201d se\u00f1al\u00f3.<\/p>\n<p>Seg\u00fan indicaron, en algunos puntos de estos barrios, las arterias contaban \u00fanicamente con una apertura b\u00e1sica, limitada a un destape de la cubierta vegetal, por lo que las labores actuales permiten conformar correctamente el ancho de calzada. Asimismo, se est\u00e1 realizando el aporte de material de cantera para optimizar la base de las calles, favoreciendo as\u00ed su durabilidad.<\/p>\n<p>Antipa, reconoci\u00f3 que \u201clos vecinos y vecinas nos ven ac\u00e1 y nos piden que vayamos a otros puntos que no estaban fijados; pero s\u00ed, el otro d\u00eda estuvimos con la gente del barrio Chimen Aike y nos pidieron que por favor hagamos el mismo trabajo\u201d.<\/p>\n<p>Para finalizar, el jefe de Vialidad Provincial Distrito R\u00edo Gallegos adelant\u00f3: \u201cLos vecinos ya nos entregaron un mapa con las partes m\u00e1s bajas donde cruzan los cables, para no tener problemas; as\u00ed que despu\u00e9s de estos trabajos nos iremos al barrio Chimen Aike\u201d.<\/p>\n<\/div>\n<p>&nbsp;<\/p>\n<p>(Fuente: Gobierno de Santa Cruz)<\/p>\n","protected":false},"excerpt":{"rendered":"<p>Lunes, 08 Septiembre 2025 &#8211; As\u00ed lo sostuvo el jefe de Vialidad Provincial Distrito R\u00edo Gallegos, Roberto Antipa, en relaci\u00f3n<\/p>\n","protected":false},"author":8,"featured_media":35434,"comment_status":"closed","ping_status":"closed","sticky":false,"template":"","format":"standard","meta":{"footnotes":""},"categories":[1173],"tags":[],"class_list":["post-35433","post","type-post","status-publish","format-standard","has-post-thumbnail","hentry","category-vialidad-provincial"],"_links":{"self":[{"href":"https:\/\/ecosdelsur.com\/index.php?rest_route=\/wp\/v2\/posts\/35433","targetHints":{"allow":["GET"]}}],"collection":[{"href":"https:\/\/ecosdelsur.com\/index.php?rest_route=\/wp\/v2\/posts"}],"about":[{"href":"https:\/\/ecosdelsur.com\/index.php?rest_route=\/wp\/v2\/types\/post"}],"author":[{"embeddable":true,"href":"https:\/\/ecosdelsur.com\/index.php?rest_route=\/wp\/v2\/users\/8"}],"replies":[{"embeddable":true,"href":"https:\/\/ecosdelsur.com\/index.php?rest_route=%2Fwp%2Fv2%2Fcomments&post=35433"}],"version-history":[{"count":0,"href":"https:\/\/ecosdelsur.com\/index.php?rest_route=\/wp\/v2\/posts\/35433\/revisions"}],"wp:featuredmedia":[{"embeddable":true,"href":"https:\/\/ecosdelsur.com\/index.php?rest_route=\/wp\/v2\/media\/35434"}],"wp:attachment":[{"href":"https:\/\/ecosdelsur.com\/index.php?rest_route=%2Fwp%2Fv2%2Fmedia&parent=35433"}],"wp:term":[{"taxonomy":"category","embeddable":true,"href":"https:\/\/ecosdelsur.com\/index.php?rest_route=%2Fwp%2Fv2%2Fcategories&post=35433"},{"taxonomy":"post_tag","embeddable":true,"href":"https:\/\/ecosdelsur.com\/index.php?rest_route=%2Fwp%2Fv2%2Ftags&post=35433"}],"curies":[{"name":"wp","href":"https:\/\/api.w.org\/{rel}","templated":true}]}}