{"id":35424,"date":"2025-09-09T04:35:32","date_gmt":"2025-09-09T04:35:32","guid":{"rendered":"https:\/\/ecosdelsur.com\/?p=35424"},"modified":"2025-09-09T04:35:32","modified_gmt":"2025-09-09T04:35:32","slug":"capacitarse-es-crecer-taller-de-marketing-para-creadores-de-contenido","status":"publish","type":"post","link":"https:\/\/ecosdelsur.com\/?p=35424","title":{"rendered":"Capacitarse es Crecer: taller de marketing para creadores de contenido"},"content":{"rendered":"<div class=\"itemToolbar2\">\n<p><span style=\"color: #ff0000;\">\u00a0<span class=\"itemDateCreated\">Lunes, 08 Septiembre 2025 &#8211; <\/span><\/span>Este fin de semana se llev\u00f3 adelante el primer Taller Gratuito de Marketing B\u00e1sico para Creadores de Contenido Iniciales, dictado por Solano Cruz en colaboraci\u00f3n con Lobby Marketing.<img decoding=\"async\" class=\"alignnone size-full wp-image-35430 lazyload\" data-src=\"https:\/\/ecosdelsur.com\/wp-content\/uploads\/2025\/09\/TEC-2.jpg\" alt=\"\" width=\"1024\" height=\"1024\" data-srcset=\"https:\/\/ecosdelsur.com\/wp-content\/uploads\/2025\/09\/TEC-2.jpg 1024w, https:\/\/ecosdelsur.com\/wp-content\/uploads\/2025\/09\/TEC-2-300x300.jpg 300w, https:\/\/ecosdelsur.com\/wp-content\/uploads\/2025\/09\/TEC-2-150x150.jpg 150w, https:\/\/ecosdelsur.com\/wp-content\/uploads\/2025\/09\/TEC-2-768x768.jpg 768w\" data-sizes=\"(max-width: 1024px) 100vw, 1024px\" src=\"data:image\/svg+xml;base64,PHN2ZyB3aWR0aD0iMSIgaGVpZ2h0PSIxIiB4bWxucz0iaHR0cDovL3d3dy53My5vcmcvMjAwMC9zdmciPjwvc3ZnPg==\" style=\"--smush-placeholder-width: 1024px; --smush-placeholder-aspect-ratio: 1024\/1024;\" \/><\/p>\n<\/div>\n<p>El encuentro, enmarcado en el programa de formaci\u00f3n laboral \u201cCapacitarse es Crecer\u201d, una iniciativa que desde hace m\u00e1s de seis a\u00f1os impulsa la diputada nacional Roxana Reyes, estuvo destinado a emprendedores y personas que buscan dar sus primeros pasos en el mundo digital. El objetivo fue brindar herramientas pr\u00e1cticas y motivacionales para animarse a crear y potenciar su propia marca personal.<\/p>\n<p>Este programa ya ha brindado oportunidades de formaci\u00f3n y desarrollo personal a cientos de santacruce\u00f1os en toda la provincia, consolid\u00e1ndose como un espacio que abre caminos a trav\u00e9s de la capacitaci\u00f3n y el aprendizaje continuo.<\/p>\n<p>Durante la capacitaci\u00f3n, Solano Cruz comparti\u00f3 un mensaje central con los participantes: \u201cNo se tienen que quedar con la duda, \u00a1an\u00edmense!\u201d. Esa frase se transform\u00f3 en el motor del taller, invitando a dar el primer paso y dejar atr\u00e1s los miedos para construir un camino propio en el mundo digital.<\/p>\n<p>Adem\u00e1s, Solano destac\u00f3 el ejemplo de su amiga e influencer Giuliana Acosta, quien suele decir: \u201cEl primer paso es intentarlo, y con lo que tengan tienen que agarrar el celular y empezar\u201d. Un recordatorio de que no se necesitan grandes recursos para comenzar, sino decisi\u00f3n y constancia.<\/p>\n<p>Con este primer taller, Solano Cruz busca abrir un espacio de capacitaci\u00f3n accesible para todos, convencido de que capacitarse es crecer y de que el conocimiento compartido es la base para generar nuevas oportunidades.<\/p>\n<p> Los interesados pueden seguir las redes de @Lobby.mkt para enterarse de las pr\u00f3ximas capacitaciones.<\/p>\n<h2><\/h2>\n","protected":false},"excerpt":{"rendered":"<p>\u00a0Lunes, 08 Septiembre 2025 &#8211; Este fin de semana se llev\u00f3 adelante el primer Taller Gratuito de Marketing B\u00e1sico para<\/p>\n","protected":false},"author":8,"featured_media":0,"comment_status":"closed","ping_status":"closed","sticky":false,"template":"","format":"standard","meta":{"footnotes":""},"categories":[1],"tags":[],"class_list":["post-35424","post","type-post","status-publish","format-standard","hentry","category-uncategorized"],"_links":{"self":[{"href":"https:\/\/ecosdelsur.com\/index.php?rest_route=\/wp\/v2\/posts\/35424","targetHints":{"allow":["GET"]}}],"collection":[{"href":"https:\/\/ecosdelsur.com\/index.php?rest_route=\/wp\/v2\/posts"}],"about":[{"href":"https:\/\/ecosdelsur.com\/index.php?rest_route=\/wp\/v2\/types\/post"}],"author":[{"embeddable":true,"href":"https:\/\/ecosdelsur.com\/index.php?rest_route=\/wp\/v2\/users\/8"}],"replies":[{"embeddable":true,"href":"https:\/\/ecosdelsur.com\/index.php?rest_route=%2Fwp%2Fv2%2Fcomments&post=35424"}],"version-history":[{"count":0,"href":"https:\/\/ecosdelsur.com\/index.php?rest_route=\/wp\/v2\/posts\/35424\/revisions"}],"wp:attachment":[{"href":"https:\/\/ecosdelsur.com\/index.php?rest_route=%2Fwp%2Fv2%2Fmedia&parent=35424"}],"wp:term":[{"taxonomy":"category","embeddable":true,"href":"https:\/\/ecosdelsur.com\/index.php?rest_route=%2Fwp%2Fv2%2Fcategories&post=35424"},{"taxonomy":"post_tag","embeddable":true,"href":"https:\/\/ecosdelsur.com\/index.php?rest_route=%2Fwp%2Fv2%2Ftags&post=35424"}],"curies":[{"name":"wp","href":"https:\/\/api.w.org\/{rel}","templated":true}]}}