{"id":35411,"date":"2025-09-09T03:24:35","date_gmt":"2025-09-09T03:24:35","guid":{"rendered":"https:\/\/ecosdelsur.com\/?p=35411"},"modified":"2025-09-09T03:34:01","modified_gmt":"2025-09-09T03:34:01","slug":"entrega-de-lotes-y-titulos-de-propiedad","status":"publish","type":"post","link":"https:\/\/ecosdelsur.com\/?p=35411","title":{"rendered":"Entrega de lotes y t\u00edtulos de propiedad"},"content":{"rendered":"<div class=\"row\">\n<div class=\"col-xs-12\">\n<div class=\"itemToolbar2\">\n<p><span class=\"itemDateCreated\" style=\"color: #ff0000;\">Lunes, 08 Septiembre 2025 &#8211;<\/span>El intendente de Caleta Olivia, Pablo Carrizo, encabez\u00f3 el fin de semana en su despacho una nueva entrega de t\u00edtulos de propiedad y certificados de adjudicaciones de tierras.<\/p>\n<\/div>\n<p><span style=\"font-size: 16px;\"><img decoding=\"async\" class=\"size-full wp-image-35413 aligncenter lazyload\" data-src=\"https:\/\/ecosdelsur.com\/wp-content\/uploads\/2025\/09\/propiedad1.jpg\" alt=\"\" width=\"819\" height=\"498\" data-srcset=\"https:\/\/ecosdelsur.com\/wp-content\/uploads\/2025\/09\/propiedad1.jpg 819w, https:\/\/ecosdelsur.com\/wp-content\/uploads\/2025\/09\/propiedad1-300x182.jpg 300w, https:\/\/ecosdelsur.com\/wp-content\/uploads\/2025\/09\/propiedad1-768x467.jpg 768w\" data-sizes=\"(max-width: 819px) 100vw, 819px\" src=\"data:image\/svg+xml;base64,PHN2ZyB3aWR0aD0iMSIgaGVpZ2h0PSIxIiB4bWxucz0iaHR0cDovL3d3dy53My5vcmcvMjAwMC9zdmciPjwvc3ZnPg==\" style=\"--smush-placeholder-width: 819px; --smush-placeholder-aspect-ratio: 819\/498;\" \/><\/span><\/p>\n<\/div>\n<\/div>\n<div class=\"interiorCopete\">\n<p>El acto tuvo lugar el s\u00e1bado, destac\u00e1ndose que en lo que va de 2025 el municipio ya entreg\u00f3 200 lotes con todos los servicios b\u00e1sicos y 70 t\u00edtulos de propiedad, dando respuesta a l alta demanda habitacional.<img decoding=\"async\" class=\"size-full wp-image-35414 aligncenter lazyload\" data-src=\"https:\/\/ecosdelsur.com\/wp-content\/uploads\/2025\/09\/propiedad2.jpg\" alt=\"\" width=\"766\" height=\"468\" data-srcset=\"https:\/\/ecosdelsur.com\/wp-content\/uploads\/2025\/09\/propiedad2.jpg 766w, https:\/\/ecosdelsur.com\/wp-content\/uploads\/2025\/09\/propiedad2-300x183.jpg 300w\" data-sizes=\"(max-width: 766px) 100vw, 766px\" src=\"data:image\/svg+xml;base64,PHN2ZyB3aWR0aD0iMSIgaGVpZ2h0PSIxIiB4bWxucz0iaHR0cDovL3d3dy53My5vcmcvMjAwMC9zdmciPjwvc3ZnPg==\" style=\"--smush-placeholder-width: 766px; --smush-placeholder-aspect-ratio: 766\/468;\" \/><\/p>\n<p>Al respecto, el jefe comunal destac\u00f3 que esto es posible \u201cgracias al impecable trajo que vienen realizando los equipos de Planificaci\u00f3n y Catastro con la Comisi\u00f3n Bidepartamental de Tierras\u201d.<\/p>\n<p>En este sentido agreg\u00f3 que se logra \u201cbrindar la posibilidad a cada uno de los vecinos de tener su terreno pero tambi\u00e9n con un trabajo importante que tiene que ver con la caducidad\u201d.<img decoding=\"async\" class=\"size-full wp-image-35416 aligncenter lazyload\" data-src=\"https:\/\/ecosdelsur.com\/wp-content\/uploads\/2025\/09\/propiedad5.jpg\" alt=\"\" width=\"802\" height=\"465\" data-srcset=\"https:\/\/ecosdelsur.com\/wp-content\/uploads\/2025\/09\/propiedad5.jpg 802w, https:\/\/ecosdelsur.com\/wp-content\/uploads\/2025\/09\/propiedad5-300x174.jpg 300w, https:\/\/ecosdelsur.com\/wp-content\/uploads\/2025\/09\/propiedad5-768x445.jpg 768w\" data-sizes=\"(max-width: 802px) 100vw, 802px\" src=\"data:image\/svg+xml;base64,PHN2ZyB3aWR0aD0iMSIgaGVpZ2h0PSIxIiB4bWxucz0iaHR0cDovL3d3dy53My5vcmcvMjAwMC9zdmciPjwvc3ZnPg==\" style=\"--smush-placeholder-width: 802px; --smush-placeholder-aspect-ratio: 802\/465;\" \/><\/p>\n<p>Por su parte, el secretario de Planificaci\u00f3n, Lucas Haidamaschuk, remarc\u00f3 que \u201cestamos muy contentos con el progreso que tenemos. Es una demanda hist\u00f3rica. Nosotros necesitamos dar esta respuesta y hoy estamos a la altura con el equipo de trabajo para seguir avanzando\u201d.<\/p>\n<p>En tanto, el vecino Luis Lincoln, quien retir\u00f3 el decreto que adjudica un terreno a su hijo coment\u00f3 que el mismo no pudo asistir el acto por razones laborales, pero igualmente le pidi\u00f3 que transmitiera palabras de agradecimiento a las autoridades comunales.<\/p>\n<p>\u201cYa tiene la casa comprada y le faltaba el lugar. Ahora va a poder hacer la platea. Es joven, tiene tres hijitos y est\u00e1 alquilando, por lo que todo le resulta dif\u00edcil\u201d.<\/p>\n<\/div>\n","protected":false},"excerpt":{"rendered":"<p>Lunes, 08 Septiembre 2025 &#8211;El intendente de Caleta Olivia, Pablo Carrizo, encabez\u00f3 el fin de semana en su despacho una<\/p>\n","protected":false},"author":8,"featured_media":35412,"comment_status":"closed","ping_status":"closed","sticky":false,"template":"","format":"standard","meta":{"footnotes":""},"categories":[33],"tags":[],"class_list":["post-35411","post","type-post","status-publish","format-standard","has-post-thumbnail","hentry","category-politica"],"_links":{"self":[{"href":"https:\/\/ecosdelsur.com\/index.php?rest_route=\/wp\/v2\/posts\/35411","targetHints":{"allow":["GET"]}}],"collection":[{"href":"https:\/\/ecosdelsur.com\/index.php?rest_route=\/wp\/v2\/posts"}],"about":[{"href":"https:\/\/ecosdelsur.com\/index.php?rest_route=\/wp\/v2\/types\/post"}],"author":[{"embeddable":true,"href":"https:\/\/ecosdelsur.com\/index.php?rest_route=\/wp\/v2\/users\/8"}],"replies":[{"embeddable":true,"href":"https:\/\/ecosdelsur.com\/index.php?rest_route=%2Fwp%2Fv2%2Fcomments&post=35411"}],"version-history":[{"count":0,"href":"https:\/\/ecosdelsur.com\/index.php?rest_route=\/wp\/v2\/posts\/35411\/revisions"}],"wp:featuredmedia":[{"embeddable":true,"href":"https:\/\/ecosdelsur.com\/index.php?rest_route=\/wp\/v2\/media\/35412"}],"wp:attachment":[{"href":"https:\/\/ecosdelsur.com\/index.php?rest_route=%2Fwp%2Fv2%2Fmedia&parent=35411"}],"wp:term":[{"taxonomy":"category","embeddable":true,"href":"https:\/\/ecosdelsur.com\/index.php?rest_route=%2Fwp%2Fv2%2Fcategories&post=35411"},{"taxonomy":"post_tag","embeddable":true,"href":"https:\/\/ecosdelsur.com\/index.php?rest_route=%2Fwp%2Fv2%2Ftags&post=35411"}],"curies":[{"name":"wp","href":"https:\/\/api.w.org\/{rel}","templated":true}]}}