{"id":34993,"date":"2025-09-02T13:51:47","date_gmt":"2025-09-02T13:51:47","guid":{"rendered":"https:\/\/ecosdelsur.com\/?p=34993"},"modified":"2025-09-02T13:51:47","modified_gmt":"2025-09-02T13:51:47","slug":"autoridades-realizaron-una-reunion-de-trabajo-por-la-situacion-en-la-ruta-de-el-chalten","status":"publish","type":"post","link":"https:\/\/ecosdelsur.com\/?p=34993","title":{"rendered":"Autoridades realizaron una reuni\u00f3n de trabajo por la situaci\u00f3n en la ruta de El Chalt\u00e9n"},"content":{"rendered":"<p><span class=\"itemDateCreated\" style=\"color: #ff0000;\">Lunes, 01 Septiembre 2025 &#8211; <\/span>El ministro de Gobierno, Nicol\u00e1s Brizuela, recibi\u00f3 en su despacho al diputado provincial Pedro Mu\u00f1oz, el concejal de El Chalt\u00e9n Ignacio Moreno Hueyo, el presidente de Vialidad Provincial Julio Bujer y al ingeniero jefe del \u00e1rea de Vialidad Provincial Mat\u00edas Fern\u00e1ndez en una reuni\u00f3n de trabajo donde analizaron la situaci\u00f3n del acceso cercano a la localidad para brindar una soluci\u00f3n.<\/p>\n<p><img decoding=\"async\" class=\"alignnone size-full wp-image-34994 lazyload\" data-src=\"https:\/\/ecosdelsur.com\/wp-content\/uploads\/2025\/09\/9dbf2e15305be991cccc55158ce9c6ad_XL.jpg\" alt=\"\" width=\"900\" height=\"675\" data-srcset=\"https:\/\/ecosdelsur.com\/wp-content\/uploads\/2025\/09\/9dbf2e15305be991cccc55158ce9c6ad_XL.jpg 900w, https:\/\/ecosdelsur.com\/wp-content\/uploads\/2025\/09\/9dbf2e15305be991cccc55158ce9c6ad_XL-300x225.jpg 300w, https:\/\/ecosdelsur.com\/wp-content\/uploads\/2025\/09\/9dbf2e15305be991cccc55158ce9c6ad_XL-768x576.jpg 768w\" data-sizes=\"(max-width: 900px) 100vw, 900px\" src=\"data:image\/svg+xml;base64,PHN2ZyB3aWR0aD0iMSIgaGVpZ2h0PSIxIiB4bWxucz0iaHR0cDovL3d3dy53My5vcmcvMjAwMC9zdmciPjwvc3ZnPg==\" style=\"--smush-placeholder-width: 900px; --smush-placeholder-aspect-ratio: 900\/675;\" \/><\/p>\n<div class=\"itemFullText\">\n<p>Durante el encuentro se analiz\u00f3 la situaci\u00f3n del desprendimiento en un tramo de la ruta cercana a El Chalt\u00e9n, ocurrido en 2021 durante trabajos realizados oportunamente para la colocaci\u00f3n de la fibra \u00f3ptica, que provocaron un socavamiento de aproximadamente 18 metros.<\/p>\n<p>Se presentaron los estudios t\u00e9cnicos en curso, que incluyen relevamientos de suelo y de la alcantarilla afectada, con el fin de definir la ingenier\u00eda necesaria para una soluci\u00f3n definitiva.<\/p>\n<p>Mientras tanto, Vialidad Provincial ya est\u00e1 realizando trabajos previos de relleno y se apresta a mejorar el actual desv\u00edo, garantizando as\u00ed la seguridad de quienes transitan por la zona mientras contin\u00faan las tareas t\u00e9cnicas.<\/p>\n<\/div>\n<p>&nbsp;<\/p>\n<p>(Fuente: Gobierno de Santa Cruz)<\/p>\n","protected":false},"excerpt":{"rendered":"<p>Lunes, 01 Septiembre 2025 &#8211; El ministro de Gobierno, Nicol\u00e1s Brizuela, recibi\u00f3 en su despacho al diputado provincial Pedro Mu\u00f1oz,<\/p>\n","protected":false},"author":8,"featured_media":34994,"comment_status":"closed","ping_status":"closed","sticky":false,"template":"","format":"standard","meta":{"footnotes":""},"categories":[1094],"tags":[],"class_list":["post-34993","post","type-post","status-publish","format-standard","has-post-thumbnail","hentry","category-gobierno"],"_links":{"self":[{"href":"https:\/\/ecosdelsur.com\/index.php?rest_route=\/wp\/v2\/posts\/34993","targetHints":{"allow":["GET"]}}],"collection":[{"href":"https:\/\/ecosdelsur.com\/index.php?rest_route=\/wp\/v2\/posts"}],"about":[{"href":"https:\/\/ecosdelsur.com\/index.php?rest_route=\/wp\/v2\/types\/post"}],"author":[{"embeddable":true,"href":"https:\/\/ecosdelsur.com\/index.php?rest_route=\/wp\/v2\/users\/8"}],"replies":[{"embeddable":true,"href":"https:\/\/ecosdelsur.com\/index.php?rest_route=%2Fwp%2Fv2%2Fcomments&post=34993"}],"version-history":[{"count":0,"href":"https:\/\/ecosdelsur.com\/index.php?rest_route=\/wp\/v2\/posts\/34993\/revisions"}],"wp:featuredmedia":[{"embeddable":true,"href":"https:\/\/ecosdelsur.com\/index.php?rest_route=\/wp\/v2\/media\/34994"}],"wp:attachment":[{"href":"https:\/\/ecosdelsur.com\/index.php?rest_route=%2Fwp%2Fv2%2Fmedia&parent=34993"}],"wp:term":[{"taxonomy":"category","embeddable":true,"href":"https:\/\/ecosdelsur.com\/index.php?rest_route=%2Fwp%2Fv2%2Fcategories&post=34993"},{"taxonomy":"post_tag","embeddable":true,"href":"https:\/\/ecosdelsur.com\/index.php?rest_route=%2Fwp%2Fv2%2Ftags&post=34993"}],"curies":[{"name":"wp","href":"https:\/\/api.w.org\/{rel}","templated":true}]}}