{"id":34971,"date":"2025-09-02T06:47:14","date_gmt":"2025-09-02T06:47:14","guid":{"rendered":"https:\/\/ecosdelsur.com\/?p=34971"},"modified":"2025-09-02T13:36:07","modified_gmt":"2025-09-02T13:36:07","slug":"chicho-galarza-lanzo-su-candidatura-a-ocupar-la-presidencia-de-la-comision-de-fomento-de-canadon-seco","status":"publish","type":"post","link":"https:\/\/ecosdelsur.com\/?p=34971","title":{"rendered":"&#8220;Chicho&#8221; Galarza lanz\u00f3 su candidatura a ocupar la presidencia de la Comisi\u00f3n de Fomento de Ca\u00f1adon Seco"},"content":{"rendered":"<div class=\"row\">\n<div class=\"col-xs-12\">\n<div class=\"itemToolbar2\">\n<p><span class=\"itemDateCreated\" style=\"color: #ff0000;\">Lunes, 01 Septiembre 2025 &#8211; <\/span>El actual director de Desarrollo Social de Ca\u00f1ad\u00f3n Seco tuvo un importante respaldo vecinal durante el acto.<img decoding=\"async\" class=\"alignnone size-full wp-image-34972 lazyload\" data-src=\"https:\/\/ecosdelsur.com\/wp-content\/uploads\/2025\/09\/DSC_2483.jpg\" alt=\"\" width=\"1024\" height=\"632\" data-srcset=\"https:\/\/ecosdelsur.com\/wp-content\/uploads\/2025\/09\/DSC_2483.jpg 1024w, https:\/\/ecosdelsur.com\/wp-content\/uploads\/2025\/09\/DSC_2483-300x185.jpg 300w, https:\/\/ecosdelsur.com\/wp-content\/uploads\/2025\/09\/DSC_2483-768x474.jpg 768w\" data-sizes=\"(max-width: 1024px) 100vw, 1024px\" src=\"data:image\/svg+xml;base64,PHN2ZyB3aWR0aD0iMSIgaGVpZ2h0PSIxIiB4bWxucz0iaHR0cDovL3d3dy53My5vcmcvMjAwMC9zdmciPjwvc3ZnPg==\" style=\"--smush-placeholder-width: 1024px; --smush-placeholder-aspect-ratio: 1024\/632;\" \/><\/p>\n<p>La oficializaci\u00f3n de la candidatura de Gabriel Galarza se llev\u00f3 a cabo en la noche del viernes y los ejes de su campa\u00f1a electoral se basan en lo realizado en el curso de los \u00faltimos a\u00f1os por el Partido Justicialista en lo que se est\u00e1 ejecutando y en lo que se proyecta \u201cen beneficio de toda la comunidad\u201d.<img decoding=\"async\" class=\"alignnone size-full wp-image-34979 lazyload\" data-src=\"https:\/\/ecosdelsur.com\/wp-content\/uploads\/2025\/09\/DSC_2631.jpg\" alt=\"\" width=\"1024\" height=\"591\" data-srcset=\"https:\/\/ecosdelsur.com\/wp-content\/uploads\/2025\/09\/DSC_2631.jpg 1024w, https:\/\/ecosdelsur.com\/wp-content\/uploads\/2025\/09\/DSC_2631-300x173.jpg 300w, https:\/\/ecosdelsur.com\/wp-content\/uploads\/2025\/09\/DSC_2631-768x443.jpg 768w\" data-sizes=\"(max-width: 1024px) 100vw, 1024px\" src=\"data:image\/svg+xml;base64,PHN2ZyB3aWR0aD0iMSIgaGVpZ2h0PSIxIiB4bWxucz0iaHR0cDovL3d3dy53My5vcmcvMjAwMC9zdmciPjwvc3ZnPg==\" style=\"--smush-placeholder-width: 1024px; --smush-placeholder-aspect-ratio: 1024\/591;\" \/><\/p>\n<p>Ca\u00f1ad\u00f3n Seco es la \u00fanica localidad de Santa Cruz en la que el pr\u00f3ximo 26 de octubre \u2013junto con las elecciones legislativas nacionales- estar\u00e1 en juego una jefatura comunal por dos a\u00f1os, el lapso que resta para completar el \u00faltimo tramo de gesti\u00f3n institucional que le correspond\u00eda a Jorge Soloaga, fallecido el pasado 2 de mayo y por quien en el acto partidario se realiz\u00f3 un minuto de silencio.<img decoding=\"async\" class=\"alignnone size-full wp-image-34973 lazyload\" data-src=\"https:\/\/ecosdelsur.com\/wp-content\/uploads\/2025\/09\/DSC_2507.jpg\" alt=\"\" width=\"1024\" height=\"628\" data-srcset=\"https:\/\/ecosdelsur.com\/wp-content\/uploads\/2025\/09\/DSC_2507.jpg 1024w, https:\/\/ecosdelsur.com\/wp-content\/uploads\/2025\/09\/DSC_2507-300x184.jpg 300w, https:\/\/ecosdelsur.com\/wp-content\/uploads\/2025\/09\/DSC_2507-768x471.jpg 768w\" data-sizes=\"(max-width: 1024px) 100vw, 1024px\" src=\"data:image\/svg+xml;base64,PHN2ZyB3aWR0aD0iMSIgaGVpZ2h0PSIxIiB4bWxucz0iaHR0cDovL3d3dy53My5vcmcvMjAwMC9zdmciPjwvc3ZnPg==\" style=\"--smush-placeholder-width: 1024px; --smush-placeholder-aspect-ratio: 1024\/628;\" \/><\/p>\n<p>Gabriel \u201cChicho\u201d Galarza (en el centro de la fotograf\u00eda) tiene 43 a\u00f1os, viene de una familia de tradici\u00f3n peronista y desde joven acompa\u00f1\u00f3 a su padre, Pedro Galarza, en actos de militancia. De esta manera se fue involucrando en la pol\u00edtica y capacit\u00e1ndose en gesti\u00f3n comunitaria, raz\u00f3n por la que fue convocado por Soloaga para conformar su equipo de trabajo.<img decoding=\"async\" class=\"alignnone size-full wp-image-34975 lazyload\" data-src=\"https:\/\/ecosdelsur.com\/wp-content\/uploads\/2025\/09\/DSC_2557.jpg\" alt=\"\" width=\"1024\" height=\"616\" data-srcset=\"https:\/\/ecosdelsur.com\/wp-content\/uploads\/2025\/09\/DSC_2557.jpg 1024w, https:\/\/ecosdelsur.com\/wp-content\/uploads\/2025\/09\/DSC_2557-300x180.jpg 300w, https:\/\/ecosdelsur.com\/wp-content\/uploads\/2025\/09\/DSC_2557-768x462.jpg 768w\" data-sizes=\"(max-width: 1024px) 100vw, 1024px\" src=\"data:image\/svg+xml;base64,PHN2ZyB3aWR0aD0iMSIgaGVpZ2h0PSIxIiB4bWxucz0iaHR0cDovL3d3dy53My5vcmcvMjAwMC9zdmciPjwvc3ZnPg==\" style=\"--smush-placeholder-width: 1024px; --smush-placeholder-aspect-ratio: 1024\/616;\" \/><\/p>\n<p>En su discurso, el candidato dej\u00f3 en claro que un triunfo electoral no es suficiente si no hay una construcci\u00f3n colectiva y participativa de todos los vecinos para seguir potenciando el desarrollo integral de su comunidad, sobre todo en estos momentos en que el pa\u00eds y la provincia afrontan una fuerte crisis econ\u00f3mica que consecuentemente impacta en Ca\u00f1ad\u00f3n Seco. Por ello, Galarza inst\u00f3 a toda la poblaci\u00f3n a recuperar la esperanza, \u201crecorriendo unida un camino con fe y perseverancia\u201d.<img decoding=\"async\" class=\"alignnone size-full wp-image-34976 lazyload\" data-src=\"https:\/\/ecosdelsur.com\/wp-content\/uploads\/2025\/09\/DSC_2593.jpg\" alt=\"\" width=\"1024\" height=\"661\" data-srcset=\"https:\/\/ecosdelsur.com\/wp-content\/uploads\/2025\/09\/DSC_2593.jpg 1024w, https:\/\/ecosdelsur.com\/wp-content\/uploads\/2025\/09\/DSC_2593-300x194.jpg 300w, https:\/\/ecosdelsur.com\/wp-content\/uploads\/2025\/09\/DSC_2593-768x496.jpg 768w\" data-sizes=\"(max-width: 1024px) 100vw, 1024px\" src=\"data:image\/svg+xml;base64,PHN2ZyB3aWR0aD0iMSIgaGVpZ2h0PSIxIiB4bWxucz0iaHR0cDovL3d3dy53My5vcmcvMjAwMC9zdmciPjwvc3ZnPg==\" style=\"--smush-placeholder-width: 1024px; --smush-placeholder-aspect-ratio: 1024\/661;\" \/><\/p>\n<p>En ese sentido, afirm\u00f3 que es necesario continuar trabajando \u201cpor el futuro de ni\u00f1os, ni\u00f1as y adolescentes; estar codo a codo con cada vecino y vecina, sea cual fuera su diversidad; acompa\u00f1ar a cada trabajador y trabajadora; escuchar y apoyar a nuestros j\u00f3venes que quieren quedarse en su tierra y forjar su futuro ac\u00e1, en Ca\u00f1ad\u00f3n\u201d.<\/p>\n<p>A ello sum\u00f3 la necesidad de seguir defendiendo \u201ca nuestros comerciantes y emprendedores; reconocer y honrar a nuestros pioneros que con esfuerzo abrieron el camino y sembraron nuestras ra\u00edces; y cuidar y valorar a nuestros adultos mayores, guardianes de la memoria viva de nuestra comunidad\u201d.<img decoding=\"async\" class=\"alignnone size-full wp-image-34974 lazyload\" data-src=\"https:\/\/ecosdelsur.com\/wp-content\/uploads\/2025\/09\/DSC_2553.jpg\" alt=\"\" width=\"1024\" height=\"609\" data-srcset=\"https:\/\/ecosdelsur.com\/wp-content\/uploads\/2025\/09\/DSC_2553.jpg 1024w, https:\/\/ecosdelsur.com\/wp-content\/uploads\/2025\/09\/DSC_2553-300x178.jpg 300w, https:\/\/ecosdelsur.com\/wp-content\/uploads\/2025\/09\/DSC_2553-768x457.jpg 768w\" data-sizes=\"(max-width: 1024px) 100vw, 1024px\" src=\"data:image\/svg+xml;base64,PHN2ZyB3aWR0aD0iMSIgaGVpZ2h0PSIxIiB4bWxucz0iaHR0cDovL3d3dy53My5vcmcvMjAwMC9zdmciPjwvc3ZnPg==\" style=\"--smush-placeholder-width: 1024px; --smush-placeholder-aspect-ratio: 1024\/609;\" \/><\/p>\n<p>Por tal motivo, resalt\u00f3 que \u201cvamos a sostener con orgullo lo nuestro; lo que logramos en Ca\u00f1ad\u00f3n Seco, y continuar fortaleciendo la salud, la educaci\u00f3n, la seguridad, el deporte y la cultura\u201d.<\/p>\n<p>Tambi\u00e9n subray\u00f3 que \u201cno venimos con promesas vac\u00edas ni a proponer lo imposible. No venimos a decir lo que no podemos hacer con tal de ganar una elecci\u00f3n, o a ver qu\u00e9 pasa. Venimos con un proyecto pol\u00edtico y con un equipo de trabajo que sabe muy bien lo que tiene que hacer. Y yo vengo a decirles la verdad, a poner el cuerpo, el coraz\u00f3n y a que no me voy a doblegar ante las adversidades\u201d.<img decoding=\"async\" class=\"alignnone size-full wp-image-34977 lazyload\" data-src=\"https:\/\/ecosdelsur.com\/wp-content\/uploads\/2025\/09\/DSC_2608.jpg\" alt=\"\" width=\"1024\" height=\"621\" data-srcset=\"https:\/\/ecosdelsur.com\/wp-content\/uploads\/2025\/09\/DSC_2608.jpg 1024w, https:\/\/ecosdelsur.com\/wp-content\/uploads\/2025\/09\/DSC_2608-300x182.jpg 300w, https:\/\/ecosdelsur.com\/wp-content\/uploads\/2025\/09\/DSC_2608-768x466.jpg 768w\" data-sizes=\"(max-width: 1024px) 100vw, 1024px\" src=\"data:image\/svg+xml;base64,PHN2ZyB3aWR0aD0iMSIgaGVpZ2h0PSIxIiB4bWxucz0iaHR0cDovL3d3dy53My5vcmcvMjAwMC9zdmciPjwvc3ZnPg==\" style=\"--smush-placeholder-width: 1024px; --smush-placeholder-aspect-ratio: 1024\/621;\" \/><\/p>\n<p>En los tramos finales de su alocuci\u00f3n, sostuvo que es necesario dejar atr\u00e1s divisiones est\u00e9riles y desechar las intenciones de quienes intentan tergiversar la realidad de los logros que se alcanzaron en Ca\u00f1ad\u00f3n Seco.<img decoding=\"async\" class=\"alignnone size-full wp-image-34982 lazyload\" data-src=\"https:\/\/ecosdelsur.com\/wp-content\/uploads\/2025\/09\/DSC_2717.jpg\" alt=\"\" width=\"1024\" height=\"652\" data-srcset=\"https:\/\/ecosdelsur.com\/wp-content\/uploads\/2025\/09\/DSC_2717.jpg 1024w, https:\/\/ecosdelsur.com\/wp-content\/uploads\/2025\/09\/DSC_2717-300x191.jpg 300w, https:\/\/ecosdelsur.com\/wp-content\/uploads\/2025\/09\/DSC_2717-768x489.jpg 768w\" data-sizes=\"(max-width: 1024px) 100vw, 1024px\" src=\"data:image\/svg+xml;base64,PHN2ZyB3aWR0aD0iMSIgaGVpZ2h0PSIxIiB4bWxucz0iaHR0cDovL3d3dy53My5vcmcvMjAwMC9zdmciPjwvc3ZnPg==\" style=\"--smush-placeholder-width: 1024px; --smush-placeholder-aspect-ratio: 1024\/652;\" \/><\/p>\n<p>En ese sentido, dej\u00f3 en claro que detr\u00e1s de esta campa\u00f1a electoral que lo tiene inmerso junto a su equipo de trabajo \u201cno hay aparato porque ac\u00e1 no hay fondos del Estado\u201d, pero s\u00ed \u201camor, compromiso, lealtad\u201d, por lo que se sostiene \u201csolamente con aportes de vecinos y vecinas que conf\u00edan en nosotros, por un proyecto que busca el bienestar de un pueblo y la dignidad de su gente\u201d.<\/p>\n<\/div>\n<\/div>\n<\/div>\n","protected":false},"excerpt":{"rendered":"<p>Lunes, 01 Septiembre 2025 &#8211; El actual director de Desarrollo Social de Ca\u00f1ad\u00f3n Seco tuvo un importante respaldo vecinal durante<\/p>\n","protected":false},"author":8,"featured_media":34981,"comment_status":"closed","ping_status":"closed","sticky":false,"template":"","format":"standard","meta":{"footnotes":""},"categories":[33,35],"tags":[],"class_list":["post-34971","post","type-post","status-publish","format-standard","has-post-thumbnail","hentry","category-politica","category-sociedad"],"_links":{"self":[{"href":"https:\/\/ecosdelsur.com\/index.php?rest_route=\/wp\/v2\/posts\/34971","targetHints":{"allow":["GET"]}}],"collection":[{"href":"https:\/\/ecosdelsur.com\/index.php?rest_route=\/wp\/v2\/posts"}],"about":[{"href":"https:\/\/ecosdelsur.com\/index.php?rest_route=\/wp\/v2\/types\/post"}],"author":[{"embeddable":true,"href":"https:\/\/ecosdelsur.com\/index.php?rest_route=\/wp\/v2\/users\/8"}],"replies":[{"embeddable":true,"href":"https:\/\/ecosdelsur.com\/index.php?rest_route=%2Fwp%2Fv2%2Fcomments&post=34971"}],"version-history":[{"count":0,"href":"https:\/\/ecosdelsur.com\/index.php?rest_route=\/wp\/v2\/posts\/34971\/revisions"}],"wp:featuredmedia":[{"embeddable":true,"href":"https:\/\/ecosdelsur.com\/index.php?rest_route=\/wp\/v2\/media\/34981"}],"wp:attachment":[{"href":"https:\/\/ecosdelsur.com\/index.php?rest_route=%2Fwp%2Fv2%2Fmedia&parent=34971"}],"wp:term":[{"taxonomy":"category","embeddable":true,"href":"https:\/\/ecosdelsur.com\/index.php?rest_route=%2Fwp%2Fv2%2Fcategories&post=34971"},{"taxonomy":"post_tag","embeddable":true,"href":"https:\/\/ecosdelsur.com\/index.php?rest_route=%2Fwp%2Fv2%2Ftags&post=34971"}],"curies":[{"name":"wp","href":"https:\/\/api.w.org\/{rel}","templated":true}]}}