{"id":34659,"date":"2025-08-27T13:02:07","date_gmt":"2025-08-27T13:02:07","guid":{"rendered":"https:\/\/ecosdelsur.com\/?p=34659"},"modified":"2025-08-27T13:02:07","modified_gmt":"2025-08-27T13:02:07","slug":"candidato-a-comisionado-de-fomento-de-canadon-seco-gabriel-galarza-habla-de-sus-planes-y-el-legado-de-su-predecesor","status":"publish","type":"post","link":"https:\/\/ecosdelsur.com\/?p=34659","title":{"rendered":"Candidato a Comisionado de Fomento de Ca\u00f1ad\u00f3n Seco, Gabriel Galarza, habla de sus planes y el legado de su predecesor"},"content":{"rendered":"<p>En una entrevista con el programa de radio El Escape, de Caleta Olivia, el candidato a comisionado de fomento de Ca\u00f1ad\u00f3n Seco, Gabriel Galarza, comparti\u00f3 sus planes y reflexiones sobre el futuro de la localidad. Galarza, quien es el sucesor del fallecido Jorge Soloaga, abord\u00f3 la importancia de continuar el proyecto de desarrollo y su visi\u00f3n para la comunidad.<\/p>\n<p>Un legado y una nueva responsabilidad<\/p>\n<p>Gabriel Galarza, de 43 a\u00f1os y nacido en la localidad, se presenta como el candidato del Partido Justicialista (PJ) para ocupar el cargo dejado vacante por el fallecimiento de Jorge Soloaga. &#8220;Fue un momento muy dif\u00edcil que tuvimos que atravesar toda la comunidad y nuestro sector pol\u00edtico&#8221;, expres\u00f3, destacando el rol de l\u00edder que Soloaga representaba. Galarza, quien trabaj\u00f3 12 a\u00f1os con \u00e9l en el proyecto pol\u00edtico &#8220;Transformando el Ca\u00f1ad\u00f3n&#8221;, fue un\u00e1nimemente respaldado por el consejo provincial del PJ.<\/p>\n<p>Actualmente, Galarza se desempe\u00f1a como secretario de Desarrollo Social, un cargo que le ha dado un profundo conocimiento de las necesidades y la realidad de los vecinos. Se siente &#8220;hijo de esta tierra&#8221; y asegura que conoce a su comunidad porque ha vivido all\u00ed toda su vida. Afirm\u00f3 que Ca\u00f1ad\u00f3n Seco, que se decret\u00f3 pueblo en 2000, ha tenido un crecimiento exponencial gracias a la gesti\u00f3n de Soloaga, transformando una comunidad que estaba &#8220;en el abandono&#8221; despu\u00e9s de la d\u00e9cada de los 90.<\/p>\n<p>Ejes de gesti\u00f3n: Sostener y diversificar<\/p>\n<p>Al ser consultado sobre sus prioridades, Galarza enfatiz\u00f3 en tres pilares: sostener los logros alcanzados, buscar alternativas productivas m\u00e1s all\u00e1 del petr\u00f3leo y resolver las problem\u00e1ticas de vivienda y empleo.<\/p>\n<p>Sostenibilidad y Tributo Cero: Galarza se enorgullece de que en Ca\u00f1ad\u00f3n Seco no se paguen impuestos comunales. &#8220;Los vecinos y las vecinas no pagan impuestos, barrido de limpieza, recolecci\u00f3n de residuos. Las actividades culturales y deportivas son gratuitas&#8221;, destac\u00f3. Su principal objetivo es mantener esta pol\u00edtica, as\u00ed como el acompa\u00f1amiento integral a la comunidad, que incluye becas para estudiantes de todos los niveles.<\/p>\n<p>Diversificaci\u00f3n econ\u00f3mica: Ante la crisis en el sector petrolero por la salida de YPF, el candidato planea impulsar una econom\u00eda interna m\u00e1s s\u00f3lida. Galarza resalt\u00f3 que Ca\u00f1ad\u00f3n Seco es un &#8220;oasis&#8221; con un gran potencial en otras \u00e1reas. Su propuesta incluye fortalecer el &#8220;Paseo del Arte y la Cultura Popular&#8221; para los emprendedores y seguir promoviendo la inversi\u00f3n en cultura y deporte, donde ya se han hecho importantes avances.<\/p>\n<p>Vivienda y Empleo: El candidato se comprometi\u00f3 a continuar la construcci\u00f3n de viviendas con fondos propios, un modelo que ya ha dado frutos con 10 casas construidas y un nuevo convenio para 10 m\u00e1s. Tambi\u00e9n prometi\u00f3 buscar soluciones para las familias que han quedado sin empleo y capacitar a los j\u00f3venes, ya que, seg\u00fan \u00e9l, la comuna debe ser el motor para generar nuevas oportunidades.<\/p>\n<p>Transparencia y el factor humano<\/p>\n<p>Galarza hizo hincapi\u00e9 en la transparencia de su gesti\u00f3n, un valor que, seg\u00fan \u00e9l, ha caracterizado a la comuna. Mencion\u00f3 que anualmente se realizan dos rendiciones de cuentas p\u00fablicas a los vecinos, adem\u00e1s de las auditor\u00edas obligatorias, una pr\u00e1ctica que busca mantener la confianza de la comunidad. &#8220;Siempre se rindieron cuentas&#8221;, afirm\u00f3.<\/p>\n<p>El candidato tambi\u00e9n destac\u00f3 la eficiencia de la Comisi\u00f3n de Fomento, se\u00f1alando que, a pesar de ser una de las comunas m\u00e1s grandes, tiene menos de 100 empleados. Atribuye este logro al arduo trabajo y compromiso del personal, que &#8220;le pone mucho amor&#8221; a su labor.<\/p>\n<p>La campa\u00f1a de Galarza busca conectar directamente con la gente. Con su lema de &#8220;seguir transformando el Ca\u00f1ad\u00f3n&#8221;, Galarza se presenta como un candidato que no solo busca continuar un legado, sino tambi\u00e9n darle una nueva impronta al futuro de su pueblo.<\/p>\n","protected":false},"excerpt":{"rendered":"<p>En una entrevista con el programa de radio El Escape, de Caleta Olivia, el candidato a comisionado de fomento de<\/p>\n","protected":false},"author":8,"featured_media":34661,"comment_status":"closed","ping_status":"closed","sticky":false,"template":"","format":"standard","meta":{"footnotes":""},"categories":[33],"tags":[66,1209,1208],"class_list":["post-34659","post","type-post","status-publish","format-standard","has-post-thumbnail","hentry","category-politica","tag-canadon-seco","tag-comision-de-fomento","tag-gabriel-chicho-galarza"],"_links":{"self":[{"href":"https:\/\/ecosdelsur.com\/index.php?rest_route=\/wp\/v2\/posts\/34659","targetHints":{"allow":["GET"]}}],"collection":[{"href":"https:\/\/ecosdelsur.com\/index.php?rest_route=\/wp\/v2\/posts"}],"about":[{"href":"https:\/\/ecosdelsur.com\/index.php?rest_route=\/wp\/v2\/types\/post"}],"author":[{"embeddable":true,"href":"https:\/\/ecosdelsur.com\/index.php?rest_route=\/wp\/v2\/users\/8"}],"replies":[{"embeddable":true,"href":"https:\/\/ecosdelsur.com\/index.php?rest_route=%2Fwp%2Fv2%2Fcomments&post=34659"}],"version-history":[{"count":0,"href":"https:\/\/ecosdelsur.com\/index.php?rest_route=\/wp\/v2\/posts\/34659\/revisions"}],"wp:featuredmedia":[{"embeddable":true,"href":"https:\/\/ecosdelsur.com\/index.php?rest_route=\/wp\/v2\/media\/34661"}],"wp:attachment":[{"href":"https:\/\/ecosdelsur.com\/index.php?rest_route=%2Fwp%2Fv2%2Fmedia&parent=34659"}],"wp:term":[{"taxonomy":"category","embeddable":true,"href":"https:\/\/ecosdelsur.com\/index.php?rest_route=%2Fwp%2Fv2%2Fcategories&post=34659"},{"taxonomy":"post_tag","embeddable":true,"href":"https:\/\/ecosdelsur.com\/index.php?rest_route=%2Fwp%2Fv2%2Ftags&post=34659"}],"curies":[{"name":"wp","href":"https:\/\/api.w.org\/{rel}","templated":true}]}}