{"id":34655,"date":"2025-08-27T12:58:48","date_gmt":"2025-08-27T12:58:48","guid":{"rendered":"https:\/\/ecosdelsur.com\/?p=34655"},"modified":"2025-08-27T12:58:48","modified_gmt":"2025-08-27T12:58:48","slug":"quiroga-destaco-el-trabajo-realizado-por-el-organo-de-revision-de-salud-mental-en-puerto-santa-cruz","status":"publish","type":"post","link":"https:\/\/ecosdelsur.com\/?p=34655","title":{"rendered":"Quiroga destac\u00f3 el trabajo realizado por el \u00d3rgano de revisi\u00f3n de Salud Mental en Puerto Santa Cruz"},"content":{"rendered":"<p><span class=\"itemDateCreated\" style=\"color: #ff0000;\">Martes, 26 Agosto 2025 &#8211; <\/span><strong>El \u00d3rgano de Revisi\u00f3n de Salud Mental de la Provincia de Santa Cruz llev\u00f3 adelante una nueva sesi\u00f3n de trabajo, en las instalaciones del Centro Integrador Comunitario (CIC) de Puerto Santa Cruz. El encuentro reuni\u00f3 a un equipo multidisciplinario con el prop\u00f3sito de garantizar el cumplimiento de la Ley de Salud Mental, evaluar estrategias de abordaje y analizar casos complejos en distintos puntos del territorio santacruce\u00f1o.<\/strong><\/p>\n<div class=\"itemFullText\"><img decoding=\"async\" class=\"alignnone size-full wp-image-34656 lazyload\" data-src=\"https:\/\/ecosdelsur.com\/wp-content\/uploads\/2025\/08\/8e304cc73a101c6c47969ad0d2312c5e_XL.jpg\" alt=\"\" width=\"900\" height=\"507\" data-srcset=\"https:\/\/ecosdelsur.com\/wp-content\/uploads\/2025\/08\/8e304cc73a101c6c47969ad0d2312c5e_XL.jpg 900w, https:\/\/ecosdelsur.com\/wp-content\/uploads\/2025\/08\/8e304cc73a101c6c47969ad0d2312c5e_XL-300x169.jpg 300w, https:\/\/ecosdelsur.com\/wp-content\/uploads\/2025\/08\/8e304cc73a101c6c47969ad0d2312c5e_XL-768x433.jpg 768w\" data-sizes=\"(max-width: 900px) 100vw, 900px\" src=\"data:image\/svg+xml;base64,PHN2ZyB3aWR0aD0iMSIgaGVpZ2h0PSIxIiB4bWxucz0iaHR0cDovL3d3dy53My5vcmcvMjAwMC9zdmciPjwvc3ZnPg==\" style=\"--smush-placeholder-width: 900px; --smush-placeholder-aspect-ratio: 900\/507;\" \/><\/div>\n<div><\/div>\n<div>\n<div class=\"not_texto col-xs-12 col-sm-12 col-lg-7\">\n<div class=\"itemFullText\">\n<p>En este contexto, el secretario de Estado de Ni\u00f1ez, Adolescencia y Familia, Luis Quiroga, resalt\u00f3 el trabajo realizado en la \u00faltima sesi\u00f3n, en virtud de los alcances del trabajo entre los organismos involucrados, y las acciones interinstitucionales desarrolladas hasta el momento.<\/p>\n<p>Al respecto, el funcionario detall\u00f3 que se delinearon nuevos proyectos a corto y largo plazo. La sesi\u00f3n permiti\u00f3 fortalecer la articulaci\u00f3n entre organismos estatales, el \u00e1mbito judicial y actores comunitarios, con el fin de consolidar una red de acompa\u00f1amiento integral y eficaz, frente a las problem\u00e1ticas vinculadas a la salud mental en Santa Cruz.<\/p>\n<p>La jornada fue llevada adelante en forma conjunta por la Secretar\u00eda de Ni\u00f1ez, Adolescencia y Familia del Ministerio de Desarrollo Social, Igualdad e Integraci\u00f3n y el Municipio de Puerto Santa Cruz. Participaron representantes municipales, fuerzas policiales, profesionales de los servicios de Psicolog\u00eda y Trabajo Social del Hospital Seccional, junto al defensor p\u00fablico oficial de primera instancia de Puerto Santa Cruz, Alfredo Joannas.<\/p>\n<p>Integraron la mesa de trabajo: Luis Quiroga, secretario de Ni\u00f1ez, Adolescencia y Familia; el subsecretario de Pol\u00edticas para la Promoci\u00f3n y Protecci\u00f3n de Derechos Humanos, Rub\u00e9n Fern\u00e1ndez; el subsecretario de Salud Mental, Mariano Rodas; y la trabajadora social, Laura Cortez. De manera virtual, acompa\u00f1aron el doctor Eduardo Stober y la doctora Romina Sa\u00fal, en representaci\u00f3n del \u00d3rgano de Revisi\u00f3n del Poder Judicial.<\/p>\n<\/div>\n<\/div>\n<\/div>\n<p>&nbsp;<\/p>\n<p><strong>(Fuente: Gobierno de Santa Cruz)<\/strong><\/p>\n","protected":false},"excerpt":{"rendered":"<p>Martes, 26 Agosto 2025 &#8211; El \u00d3rgano de Revisi\u00f3n de Salud Mental de la Provincia de Santa Cruz llev\u00f3 adelante<\/p>\n","protected":false},"author":8,"featured_media":34656,"comment_status":"closed","ping_status":"closed","sticky":false,"template":"","format":"standard","meta":{"footnotes":""},"categories":[1139],"tags":[],"class_list":["post-34655","post","type-post","status-publish","format-standard","has-post-thumbnail","hentry","category-ministerio-de-salud-y-ambiente"],"_links":{"self":[{"href":"https:\/\/ecosdelsur.com\/index.php?rest_route=\/wp\/v2\/posts\/34655","targetHints":{"allow":["GET"]}}],"collection":[{"href":"https:\/\/ecosdelsur.com\/index.php?rest_route=\/wp\/v2\/posts"}],"about":[{"href":"https:\/\/ecosdelsur.com\/index.php?rest_route=\/wp\/v2\/types\/post"}],"author":[{"embeddable":true,"href":"https:\/\/ecosdelsur.com\/index.php?rest_route=\/wp\/v2\/users\/8"}],"replies":[{"embeddable":true,"href":"https:\/\/ecosdelsur.com\/index.php?rest_route=%2Fwp%2Fv2%2Fcomments&post=34655"}],"version-history":[{"count":0,"href":"https:\/\/ecosdelsur.com\/index.php?rest_route=\/wp\/v2\/posts\/34655\/revisions"}],"wp:featuredmedia":[{"embeddable":true,"href":"https:\/\/ecosdelsur.com\/index.php?rest_route=\/wp\/v2\/media\/34656"}],"wp:attachment":[{"href":"https:\/\/ecosdelsur.com\/index.php?rest_route=%2Fwp%2Fv2%2Fmedia&parent=34655"}],"wp:term":[{"taxonomy":"category","embeddable":true,"href":"https:\/\/ecosdelsur.com\/index.php?rest_route=%2Fwp%2Fv2%2Fcategories&post=34655"},{"taxonomy":"post_tag","embeddable":true,"href":"https:\/\/ecosdelsur.com\/index.php?rest_route=%2Fwp%2Fv2%2Ftags&post=34655"}],"curies":[{"name":"wp","href":"https:\/\/api.w.org\/{rel}","templated":true}]}}