{"id":34652,"date":"2025-08-27T12:53:55","date_gmt":"2025-08-27T12:53:55","guid":{"rendered":"https:\/\/ecosdelsur.com\/?p=34652"},"modified":"2025-08-27T12:53:55","modified_gmt":"2025-08-27T12:53:55","slug":"jaramillo-dijo-presente-en-la-capacitacion-de-maquinaria-pesada-un-compromiso-que-se-extiende-por-la-provincia","status":"publish","type":"post","link":"https:\/\/ecosdelsur.com\/?p=34652","title":{"rendered":"Jaramillo dijo presente en la capacitaci\u00f3n de maquinaria pesada: Un compromiso que se extiende por la provincia"},"content":{"rendered":"<p><span class=\"itemDateCreated\" style=\"color: #ff0000;\">Martes, 26 Agosto 2025 &#8211;\u00a0<\/span><strong>Con una gran concurrencia para el lugar, dio inicio hoy en la localidad de Jaramillo la jornada de Capacitaci\u00f3n en Maquinaria Pesada. Esta actividad se consolida como una de las m\u00e1s exitosas de la gesti\u00f3n provincial del gobernador Claudio Vidal.<\/strong><\/p>\n<p><img decoding=\"async\" class=\"alignnone size-full wp-image-34653 lazyload\" data-src=\"https:\/\/ecosdelsur.com\/wp-content\/uploads\/2025\/08\/95b8c339bf5f6f7b694e21ae8332003c_XL.jpg\" alt=\"\" width=\"900\" height=\"685\" data-srcset=\"https:\/\/ecosdelsur.com\/wp-content\/uploads\/2025\/08\/95b8c339bf5f6f7b694e21ae8332003c_XL.jpg 900w, https:\/\/ecosdelsur.com\/wp-content\/uploads\/2025\/08\/95b8c339bf5f6f7b694e21ae8332003c_XL-300x228.jpg 300w, https:\/\/ecosdelsur.com\/wp-content\/uploads\/2025\/08\/95b8c339bf5f6f7b694e21ae8332003c_XL-768x585.jpg 768w\" data-sizes=\"(max-width: 900px) 100vw, 900px\" src=\"data:image\/svg+xml;base64,PHN2ZyB3aWR0aD0iMSIgaGVpZ2h0PSIxIiB4bWxucz0iaHR0cDovL3d3dy53My5vcmcvMjAwMC9zdmciPjwvc3ZnPg==\" style=\"--smush-placeholder-width: 900px; --smush-placeholder-aspect-ratio: 900\/685;\" \/><\/p>\n<div class=\"itemFullText\">\n<p>La formaci\u00f3n es organizada por Distrigas S.A., y la log\u00edsitca est\u00e1 a cargo del subgerente provincial de Relaciones Institucionales de dicha empresa provincial, Maximiliano G\u00f3mez. La actividad responde a un programa de formaci\u00f3n laboral, que busca fortalecer las habilidades de los participantes, y brindarles herramientas para una mejor inserci\u00f3n en el mercado laboral.<\/p>\n<p><strong>Un \u00e9xito sin precedentes y el compromiso con la formaci\u00f3n<\/strong><\/p>\n<p>Las jornadas y talleres, bajo la gesti\u00f3n de Maximiliano G\u00f3mez, se han consolidado con un \u00e9xito nunca antes visto en la provincia. En su rol en Distrigas S.A., es el responsable de coordinar la log\u00edstica, conseguir a los instructores y movilizar las m\u00e1quinas pesadas necesarias para las pr\u00e1cticas.<\/p>\n<p>G\u00f3mez agradeci\u00f3 el apoyo del Gobierno Provincial, destacando la importancia de estas iniciativas para la comunidad. &#8220;Quiero agradecer al Gobierno Provincial por el apoyo constante que nos brinda, para poder concretar estos proyectos. Este tipo de capacitaciones son fundamentales para que nuestros compa\u00f1eros puedan tener una mejor formaci\u00f3n, y una nueva herramienta para su futuro laboral&#8221;, afirm\u00f3.<\/p>\n<p><strong>La Comisi\u00f3n de Fomento y los instructores de Vialidad<\/strong><\/p>\n<p>G\u00f3mez hizo un especial reconocimiento a la Comisi\u00f3n de Fomento de Jaramillo, por su invaluable colaboraci\u00f3n, que fue clave para la realizaci\u00f3n del evento. &#8220;Sin el aporte de la Comisi\u00f3n de Fomento, y de todo el equipo que ha colaborado con nosotros, ser\u00eda muy dif\u00edcil poder traer este tipo de capacitaciones al interior de nuestra provincia&#8221;, expres\u00f3.<\/p>\n<p>El compromiso de la organizaci\u00f3n y del Gobierno Provincial es continuar llevando estas formaciones a todas las localidades. &#8220;El compromiso es seguir en cada uno de los lugares del interior de la provincia&#8221;, manifest\u00f3 G\u00f3mez.<\/p>\n<p>Finalmente, destac\u00f3 el trabajo de los instructores de Vialidad que participaron en la capacitaci\u00f3n: C\u00e9sar Gonz\u00e1lez, Jos\u00e9 Luis Guti\u00e9rrez y Marcelo Nahuelqu\u00edn. &#8220;Hemos logrado conformar un equipo, y eso nos pone muy orgullosos&#8221;, se\u00f1al\u00f3.<\/p>\n<\/div>\n<p>&nbsp;<\/p>\n<p><strong>(Fuente: Gobierno de Santa Cruz)<\/strong><\/p>\n","protected":false},"excerpt":{"rendered":"<p>Martes, 26 Agosto 2025 &#8211;\u00a0Con una gran concurrencia para el lugar, dio inicio hoy en la localidad de Jaramillo la<\/p>\n","protected":false},"author":8,"featured_media":34653,"comment_status":"closed","ping_status":"closed","sticky":false,"template":"","format":"standard","meta":{"footnotes":""},"categories":[1155],"tags":[],"class_list":["post-34652","post","type-post","status-publish","format-standard","has-post-thumbnail","hentry","category-distrigas"],"_links":{"self":[{"href":"https:\/\/ecosdelsur.com\/index.php?rest_route=\/wp\/v2\/posts\/34652","targetHints":{"allow":["GET"]}}],"collection":[{"href":"https:\/\/ecosdelsur.com\/index.php?rest_route=\/wp\/v2\/posts"}],"about":[{"href":"https:\/\/ecosdelsur.com\/index.php?rest_route=\/wp\/v2\/types\/post"}],"author":[{"embeddable":true,"href":"https:\/\/ecosdelsur.com\/index.php?rest_route=\/wp\/v2\/users\/8"}],"replies":[{"embeddable":true,"href":"https:\/\/ecosdelsur.com\/index.php?rest_route=%2Fwp%2Fv2%2Fcomments&post=34652"}],"version-history":[{"count":0,"href":"https:\/\/ecosdelsur.com\/index.php?rest_route=\/wp\/v2\/posts\/34652\/revisions"}],"wp:featuredmedia":[{"embeddable":true,"href":"https:\/\/ecosdelsur.com\/index.php?rest_route=\/wp\/v2\/media\/34653"}],"wp:attachment":[{"href":"https:\/\/ecosdelsur.com\/index.php?rest_route=%2Fwp%2Fv2%2Fmedia&parent=34652"}],"wp:term":[{"taxonomy":"category","embeddable":true,"href":"https:\/\/ecosdelsur.com\/index.php?rest_route=%2Fwp%2Fv2%2Fcategories&post=34652"},{"taxonomy":"post_tag","embeddable":true,"href":"https:\/\/ecosdelsur.com\/index.php?rest_route=%2Fwp%2Fv2%2Ftags&post=34652"}],"curies":[{"name":"wp","href":"https:\/\/api.w.org\/{rel}","templated":true}]}}