{"id":34645,"date":"2025-08-27T12:43:47","date_gmt":"2025-08-27T12:43:47","guid":{"rendered":"https:\/\/ecosdelsur.com\/?p=34645"},"modified":"2025-08-27T12:43:47","modified_gmt":"2025-08-27T12:43:47","slug":"entrevista-con-fernando-tapia-la-nueva-generacion-del-taekwondo-en-caleta-olivia","status":"publish","type":"post","link":"https:\/\/ecosdelsur.com\/?p=34645","title":{"rendered":"Entrevista con Fernando Tapia: La nueva generaci\u00f3n del Taekwondo en Caleta Olivia"},"content":{"rendered":"<p>Fernando Tapia, una de las figuras m\u00e1s destacadas del taekwondo ITF en la regi\u00f3n, se sent\u00f3 con La Voz de la Ma\u00f1ana para hablar de su presente, sus proyectos y el legado de su padre. Con la Copa del D\u00eda del Ni\u00f1o y un Mundial en Croacia en el horizonte, Tapia comparti\u00f3 detalles sobre el crecimiento de la disciplina y los desaf\u00edos que enfrentan los deportistas de la Patagonia.<\/p>\n<p>De la promesa al liderazgo: El legado de su padre<\/p>\n<p>Fernando Tapia, conocido por muchos como &#8220;Fernandito&#8221;, ha sabido transformar su camino de talentoso competidor a l\u00edder de la Asociaci\u00f3n Ping\u00fcinera de Taekwondo. Asumiendo la responsabilidad tras el fallecimiento de su padre, Tapia reconoce la dificultad de este nuevo rol: &#8220;Lo que m\u00e1s me cost\u00f3 fue aprender a tomar decisiones&#8221;, afirm\u00f3, comparando su transici\u00f3n con el desaf\u00edo de seguir los pasos de una figura tan influyente.<\/p>\n<p>El legado de su padre, un pionero que &#8220;rompi\u00f3 el mito&#8221; de la distancia al expandir el taekwondo desde Caleta Olivia a la Patagonia, el pa\u00eds y el mundo, es una fuente de inspiraci\u00f3n y exigencia para Fernando. &#8220;Para \u00e9l no exist\u00eda la palabra &#8216;imposible'&#8221;, record\u00f3, destacando la filosof\u00eda de superaci\u00f3n que le inculc\u00f3. Fernando, quien fue campe\u00f3n del mundo con la selecci\u00f3n argentina, considera ese logro el punto m\u00e1s alto de su carrera, un momento de &#8220;orgullo total&#8221; al escuchar el himno nacional.<\/p>\n<p>La nueva era de la Asociaci\u00f3n Ping\u00fcinera<\/p>\n<p>La Asociaci\u00f3n Ping\u00fcinera est\u00e1 m\u00e1s fuerte que nunca. &#8220;Hoy la asociaci\u00f3n demostr\u00f3 que tiene atletas de primer nivel&#8221;, asegur\u00f3 Tapia. Nombres como Lautaro Rizzo, Lola Gonz\u00e1lez, Luana Acosta y Benjam\u00edn Blanco se preparan para representar a Argentina en el pr\u00f3ximo mundial de Croacia en octubre. Adem\u00e1s, el semillero de talentos no para de crecer, con j\u00f3venes promesas como Aar\u00f3n Unquen, de 11 a\u00f1os, que ya se consagr\u00f3 campe\u00f3n sudamericano y panamericano y se alista para competir en Espa\u00f1a el pr\u00f3ximo a\u00f1o.<\/p>\n<p>Tapia detall\u00f3 el crecimiento de la disciplina en la regi\u00f3n: la Asociaci\u00f3n cuenta con cerca de 200 alumnos solo en Caleta Olivia, distribuidos en varias sedes. Adem\u00e1s, tienen escuelas asociadas en localidades como Truncado, Las Heras, Perito Moreno y Comodoro Rivadavia, con un total de 60 a 100 alumnos por localidad. Este desarrollo es fruto de un trabajo arduo y transparente, con la colaboraci\u00f3n de la Municipalidad y diversos comercios locales.<\/p>\n<p>La Copa del D\u00eda del Ni\u00f1o y el sue\u00f1o de ser coach<\/p>\n<p>El evento m\u00e1s cercano para la asociaci\u00f3n es la Copa del D\u00eda del Ni\u00f1o, que se llevar\u00e1 a cabo este domingo 31 de agosto en el Complejo de Caleta Olivia. Con 400 competidores ya inscriptos de diversas localidades de Santa Cruz y Chubut, el torneo promete ser un \u00e9xito. Tapia destac\u00f3 que el evento ser\u00e1 uno de los primeros en Santa Cruz en utilizar un sistema de puntuaci\u00f3n electr\u00f3nico, una inversi\u00f3n de la asociaci\u00f3n que los posiciona como pioneros en la regi\u00f3n.<\/p>\n<p>Mirando hacia el futuro, Fernando confes\u00f3 que, si bien disfruta el rol de competidor, su verdadera pasi\u00f3n ahora es la de coach. Su mayor sue\u00f1o es formar parte del cuerpo t\u00e9cnico de la selecci\u00f3n nacional, un desaf\u00edo que, seg\u00fan \u00e9l, lo obliga a &#8220;ir a Buenos Aires por lo menos una o dos veces al mes&#8221;.<\/p>\n<p>El deporte en la Patagonia: &#8220;Nos falta m\u00e1s unidad&#8221;<\/p>\n<p>Sobre el estado del deporte en Caleta Olivia y en la Patagonia, Tapia fue muy claro: &#8220;Caleta es fuert\u00edsimo en todo, lo que nos falta es m\u00e1s unidad y cuidarnos m\u00e1s entre nosotros&#8221;. Subray\u00f3 que, a pesar de la distancia y las dificultades, los deportistas del sur tienen un &#8220;plus&#8221; de perseverancia.<\/p>\n<p>Fernando tambi\u00e9n se refiri\u00f3 a la gran diferencia en la cantidad de torneos disponibles: mientras un deportista en el sur puede participar en unas 10 peleas al a\u00f1o, uno en el centro del pa\u00eds puede sumar hasta 50. Sin embargo, este obst\u00e1culo forja a atletas m\u00e1s fuertes y resilientes, que encuentran en la Asociaci\u00f3n el apoyo y el compromiso necesarios para alcanzar la \u00e9lite, con la gu\u00eda de un l\u00edder que, a pesar de su juventud, ya es un referente indiscutido en la regi\u00f3n.<\/p>\n","protected":false},"excerpt":{"rendered":"<p>Fernando Tapia, una de las figuras m\u00e1s destacadas del taekwondo ITF en la regi\u00f3n, se sent\u00f3 con La Voz de<\/p>\n","protected":false},"author":8,"featured_media":34646,"comment_status":"closed","ping_status":"closed","sticky":false,"template":"","format":"standard","meta":{"footnotes":""},"categories":[37],"tags":[60,1207,1206,1205],"class_list":["post-34645","post","type-post","status-publish","format-standard","has-post-thumbnail","hentry","category-deportes","tag-caleta-olivia","tag-fernando-tapia","tag-itf","tag-taekwondo"],"_links":{"self":[{"href":"https:\/\/ecosdelsur.com\/index.php?rest_route=\/wp\/v2\/posts\/34645","targetHints":{"allow":["GET"]}}],"collection":[{"href":"https:\/\/ecosdelsur.com\/index.php?rest_route=\/wp\/v2\/posts"}],"about":[{"href":"https:\/\/ecosdelsur.com\/index.php?rest_route=\/wp\/v2\/types\/post"}],"author":[{"embeddable":true,"href":"https:\/\/ecosdelsur.com\/index.php?rest_route=\/wp\/v2\/users\/8"}],"replies":[{"embeddable":true,"href":"https:\/\/ecosdelsur.com\/index.php?rest_route=%2Fwp%2Fv2%2Fcomments&post=34645"}],"version-history":[{"count":0,"href":"https:\/\/ecosdelsur.com\/index.php?rest_route=\/wp\/v2\/posts\/34645\/revisions"}],"wp:featuredmedia":[{"embeddable":true,"href":"https:\/\/ecosdelsur.com\/index.php?rest_route=\/wp\/v2\/media\/34646"}],"wp:attachment":[{"href":"https:\/\/ecosdelsur.com\/index.php?rest_route=%2Fwp%2Fv2%2Fmedia&parent=34645"}],"wp:term":[{"taxonomy":"category","embeddable":true,"href":"https:\/\/ecosdelsur.com\/index.php?rest_route=%2Fwp%2Fv2%2Fcategories&post=34645"},{"taxonomy":"post_tag","embeddable":true,"href":"https:\/\/ecosdelsur.com\/index.php?rest_route=%2Fwp%2Fv2%2Ftags&post=34645"}],"curies":[{"name":"wp","href":"https:\/\/api.w.org\/{rel}","templated":true}]}}