{"id":34644,"date":"2025-08-27T12:50:12","date_gmt":"2025-08-27T12:50:12","guid":{"rendered":"https:\/\/ecosdelsur.com\/?p=34644"},"modified":"2025-08-27T12:50:41","modified_gmt":"2025-08-27T12:50:41","slug":"vialidad-provincial-denuncia-deuda-millonaria-de-la-nacion-por-obras-en-rutas-santacrucenas","status":"publish","type":"post","link":"https:\/\/ecosdelsur.com\/?p=34644","title":{"rendered":"Vialidad Provincial denuncia deuda millonaria de la Naci\u00f3n por obras en rutas santacruce\u00f1as"},"content":{"rendered":"<div class=\"itemIntroText\">\n<p><span class=\"itemDateCreated\" style=\"color: #ff0000;\">Martes, 26 Agosto 2025 &#8211; <\/span><strong>El presidente de Vialidad Provincial, Julio Bujer, dialog\u00f3 con LU14 Radio Provincia de Santa Cruz y abord\u00f3 la compleja situaci\u00f3n financiera que enfrenta el organismo debido a la deuda que mantiene Vialidad Nacional. Confirm\u00f3 que la deuda asciende a m\u00e1s de 4.000 millones de pesos, por trabajos ya realizados en rutas nacionales que cruzan la provincia.<\/strong><\/p>\n<p><img decoding=\"async\" class=\"alignnone size-full wp-image-34649 lazyload\" data-src=\"https:\/\/ecosdelsur.com\/wp-content\/uploads\/2025\/08\/WhatsApp-Image-2025-08-27-at-9.48.45-AM.jpeg\" alt=\"\" width=\"568\" height=\"378\" data-srcset=\"https:\/\/ecosdelsur.com\/wp-content\/uploads\/2025\/08\/WhatsApp-Image-2025-08-27-at-9.48.45-AM.jpeg 568w, https:\/\/ecosdelsur.com\/wp-content\/uploads\/2025\/08\/WhatsApp-Image-2025-08-27-at-9.48.45-AM-300x200.jpeg 300w\" data-sizes=\"(max-width: 568px) 100vw, 568px\" src=\"data:image\/svg+xml;base64,PHN2ZyB3aWR0aD0iMSIgaGVpZ2h0PSIxIiB4bWxucz0iaHR0cDovL3d3dy53My5vcmcvMjAwMC9zdmciPjwvc3ZnPg==\" style=\"--smush-placeholder-width: 568px; --smush-placeholder-aspect-ratio: 568\/378;\" \/><\/p>\n<\/div>\n<div class=\"itemFullText\">\n<p>Bujer explic\u00f3 que la relaci\u00f3n entre ambas entidades se rige por un convenio marco, donde Vialidad Provincial realiza tareas espec\u00edficas en la Ruta Nacional N\u00b03, N\u00b040, N\u00b0281 y N\u00b0288, a pedido de la Naci\u00f3n. Estos trabajos incluyen bacheo, perfilado de banquinas, reparaci\u00f3n de guardarra\u00edles, alcantarillas y se\u00f1alizaci\u00f3n. A pesar de que los certificados de obra tienen un plazo de 60 d\u00edas para ser abonados, el entrevistado se\u00f1al\u00f3 que los pagos est\u00e1n vencidos, lo que pone en riesgo la sostenibilidad de las operaciones.<\/p>\n<p>&#8220;Estamos en 4.000 millones de pesos, y si el certificado que se vence el jueves no se paga, ya tendr\u00edamos una deuda agregada, con un total de 4.780 millones de pesos&#8221;, precis\u00f3. Aunque existe un di\u00e1logo constante con las autoridades nacionales, el funcionario manifest\u00f3 su preocupaci\u00f3n, ya que la situaci\u00f3n se vuelve &#8220;insostenible&#8221; y atrasa la adquisici\u00f3n de insumos, como la pintura y el triturado, esenciales para el mantenimiento de las rutas.<\/p>\n<p><strong>El plan de trabajo para el verano y la formaci\u00f3n del personal<\/strong><\/p>\n<p>Adem\u00e1s de abordar la deuda nacional, Bujer, detall\u00f3 el plan de trabajo del organismo para los pr\u00f3ximos meses. Con el invierno ya superado, el foco ahora se traslada a la temporada estival, donde se intensificar\u00e1n los trabajos de mantenimiento en las rutas de la provincia.<\/p>\n<p>El titular de la entidad vial se\u00f1al\u00f3 que el plan incluye la continuaci\u00f3n del bacheo en la Ruta N\u00b03 y la Ruta N\u00b043, as\u00ed como la se\u00f1alizaci\u00f3n, pintura y reparaci\u00f3n de carteler\u00eda y alcantarillas. A pesar de las limitaciones presupuestarias, el funcionario asegur\u00f3 que la planificaci\u00f3n est\u00e1 en marcha y que el objetivo es seguir garantizando la seguridad en las rutas.<\/p>\n<p>Asimismo, el presidente resalt\u00f3 el fortalecimiento interno del organismo, a trav\u00e9s de iniciativas como las pasant\u00edas con estudiantes de escuelas t\u00e9cnicas. A su juicio, estas pasant\u00edas no s\u00f3lo brindan a los j\u00f3venes una valiosa experiencia laboral, sino que tambi\u00e9n los acercan al trabajo integral de Vialidad, que va m\u00e1s all\u00e1 del mantenimiento de rutas, e incluye \u00e1reas como mec\u00e1nica, carpinter\u00eda, meteorolog\u00eda y radiocomunicaciones. Adem\u00e1s, destac\u00f3 el compromiso de su equipo de trabajo, que a menudo cumple jornadas extenuantes, y reafirm\u00f3 el apoyo del gobernador para seguir avanzando en la mejora de la provincia.<\/p>\n<\/div>\n<p>&nbsp;<\/p>\n<p><strong>(Fuente: Gobierno de Santa Cruz)<\/strong><\/p>\n","protected":false},"excerpt":{"rendered":"<p>Martes, 26 Agosto 2025 &#8211; El presidente de Vialidad Provincial, Julio Bujer, dialog\u00f3 con LU14 Radio Provincia de Santa Cruz<\/p>\n","protected":false},"author":8,"featured_media":34649,"comment_status":"closed","ping_status":"closed","sticky":false,"template":"","format":"standard","meta":{"footnotes":""},"categories":[1173],"tags":[],"class_list":["post-34644","post","type-post","status-publish","format-standard","has-post-thumbnail","hentry","category-vialidad-provincial"],"_links":{"self":[{"href":"https:\/\/ecosdelsur.com\/index.php?rest_route=\/wp\/v2\/posts\/34644","targetHints":{"allow":["GET"]}}],"collection":[{"href":"https:\/\/ecosdelsur.com\/index.php?rest_route=\/wp\/v2\/posts"}],"about":[{"href":"https:\/\/ecosdelsur.com\/index.php?rest_route=\/wp\/v2\/types\/post"}],"author":[{"embeddable":true,"href":"https:\/\/ecosdelsur.com\/index.php?rest_route=\/wp\/v2\/users\/8"}],"replies":[{"embeddable":true,"href":"https:\/\/ecosdelsur.com\/index.php?rest_route=%2Fwp%2Fv2%2Fcomments&post=34644"}],"version-history":[{"count":0,"href":"https:\/\/ecosdelsur.com\/index.php?rest_route=\/wp\/v2\/posts\/34644\/revisions"}],"wp:featuredmedia":[{"embeddable":true,"href":"https:\/\/ecosdelsur.com\/index.php?rest_route=\/wp\/v2\/media\/34649"}],"wp:attachment":[{"href":"https:\/\/ecosdelsur.com\/index.php?rest_route=%2Fwp%2Fv2%2Fmedia&parent=34644"}],"wp:term":[{"taxonomy":"category","embeddable":true,"href":"https:\/\/ecosdelsur.com\/index.php?rest_route=%2Fwp%2Fv2%2Fcategories&post=34644"},{"taxonomy":"post_tag","embeddable":true,"href":"https:\/\/ecosdelsur.com\/index.php?rest_route=%2Fwp%2Fv2%2Ftags&post=34644"}],"curies":[{"name":"wp","href":"https:\/\/api.w.org\/{rel}","templated":true}]}}