{"id":34641,"date":"2025-08-27T12:36:05","date_gmt":"2025-08-27T12:36:05","guid":{"rendered":"https:\/\/ecosdelsur.com\/?p=34641"},"modified":"2025-08-27T12:36:05","modified_gmt":"2025-08-27T12:36:05","slug":"se-conto-con-numerosa-participacion-de-los-vecinos-en-la-jornada-intersectorial-de-caleta-olivia-2","status":"publish","type":"post","link":"https:\/\/ecosdelsur.com\/?p=34641","title":{"rendered":"Se cont\u00f3 con numerosa participaci\u00f3n de los vecinos en la Jornada Intersectorial de Caleta Olivia"},"content":{"rendered":"<p><span class=\"itemDateCreated\" style=\"color: #ff0000;\">Martes, 26 Agosto 2025 &#8211; <\/span><strong><span style=\"font-size: 16px; color: #000000;\">Tal como estaba previsto, se realiz\u00f3 este domingo en zona norte el evento que lleva adelante el Gobierno de la Provincia en conjunto con los municipios, organizaciones barriales y entidades locales. Se trata de las Jornadas Intersectoriales que se iniciaron en la capital santacruce\u00f1a y ahora tambi\u00e9n se trasladaron al interior provincial.<\/span><\/strong><\/p>\n<p><img decoding=\"async\" class=\"alignnone size-full wp-image-34642 lazyload\" data-src=\"https:\/\/ecosdelsur.com\/wp-content\/uploads\/2025\/08\/e0a0751ae62cee3f3a87f07011eb1d64_XL.jpg\" alt=\"\" width=\"900\" height=\"832\" data-srcset=\"https:\/\/ecosdelsur.com\/wp-content\/uploads\/2025\/08\/e0a0751ae62cee3f3a87f07011eb1d64_XL.jpg 900w, https:\/\/ecosdelsur.com\/wp-content\/uploads\/2025\/08\/e0a0751ae62cee3f3a87f07011eb1d64_XL-300x277.jpg 300w, https:\/\/ecosdelsur.com\/wp-content\/uploads\/2025\/08\/e0a0751ae62cee3f3a87f07011eb1d64_XL-768x710.jpg 768w\" data-sizes=\"(max-width: 900px) 100vw, 900px\" src=\"data:image\/svg+xml;base64,PHN2ZyB3aWR0aD0iMSIgaGVpZ2h0PSIxIiB4bWxucz0iaHR0cDovL3d3dy53My5vcmcvMjAwMC9zdmciPjwvc3ZnPg==\" style=\"--smush-placeholder-width: 900px; --smush-placeholder-aspect-ratio: 900\/832;\" \/><\/p>\n<div class=\"itemFullText\">\n<p>Este \u00faltimo domingo, y con el prop\u00f3sito de acercar las l\u00edneas de pol\u00edticas p\u00fablicas a las comunidades de las distintas localidades de Santa Cruz, el Gobierno Provincial a trav\u00e9s de sus organismos, arrib\u00f3 a Caleta Olivia instal\u00e1ndose en el Gimnasio de la Escuela N\u00b057 y N\u00b06, del barrio 2 de Abril.<\/p>\n<p>Por ello, desde el mediod\u00eda, distintas \u00e1reas de los ministerios: de Salud y Ambiente, de Gobierno con el Registro Civil, de Desarrollo Social con su oficina de la secretar\u00eda de Igualdad e Integraci\u00f3n, sum\u00e1ndose dependencias municipales, atendieron a los vecinos y vecinas que requer\u00edan concretar diferentes tr\u00e1mites.<\/p>\n<p>Seg\u00fan se indic\u00f3, se brind\u00f3 atenci\u00f3n primaria a los adultos y ni\u00f1os, vacunaci\u00f3n, control de ni\u00f1o sano y entrega de leche, asesoramiento en salud sexual integral, actualizaci\u00f3n y gesti\u00f3n de documentos con los agentes del Registro Civil, entre otras acciones.<\/p>\n<p>Las autoridades presentes subrayaron que \u201clas jornadas se construyen con los diferentes actores sociales, organizaciones, agrupaciones, iglesias, clubes, etc.\u201d, puntualizando adem\u00e1s que: \u201cEl Gobierno est\u00e1 en el territorio y junto a la ciudadan\u00eda avanza en la construcci\u00f3n de una Santa Cruz accesible para todos\u201d.<\/p>\n<p>Vale sostener finalmente que, la acci\u00f3n territorial ya se ha desplegado en R\u00edo Gallegos, pas\u00f3 por Caleta Olivia y ahora se prepara para llegar a la ciudad de Puerto Deseado.<\/p>\n<\/div>\n<p>&nbsp;<\/p>\n<p><strong>(Fuente: Gobierno de Santa Cruz)<\/strong><\/p>\n","protected":false},"excerpt":{"rendered":"<p>Martes, 26 Agosto 2025 &#8211; Tal como estaba previsto, se realiz\u00f3 este domingo en zona norte el evento que lleva<\/p>\n","protected":false},"author":8,"featured_media":34642,"comment_status":"closed","ping_status":"closed","sticky":false,"template":"","format":"standard","meta":{"footnotes":""},"categories":[1094],"tags":[],"class_list":["post-34641","post","type-post","status-publish","format-standard","has-post-thumbnail","hentry","category-gobierno"],"_links":{"self":[{"href":"https:\/\/ecosdelsur.com\/index.php?rest_route=\/wp\/v2\/posts\/34641","targetHints":{"allow":["GET"]}}],"collection":[{"href":"https:\/\/ecosdelsur.com\/index.php?rest_route=\/wp\/v2\/posts"}],"about":[{"href":"https:\/\/ecosdelsur.com\/index.php?rest_route=\/wp\/v2\/types\/post"}],"author":[{"embeddable":true,"href":"https:\/\/ecosdelsur.com\/index.php?rest_route=\/wp\/v2\/users\/8"}],"replies":[{"embeddable":true,"href":"https:\/\/ecosdelsur.com\/index.php?rest_route=%2Fwp%2Fv2%2Fcomments&post=34641"}],"version-history":[{"count":0,"href":"https:\/\/ecosdelsur.com\/index.php?rest_route=\/wp\/v2\/posts\/34641\/revisions"}],"wp:featuredmedia":[{"embeddable":true,"href":"https:\/\/ecosdelsur.com\/index.php?rest_route=\/wp\/v2\/media\/34642"}],"wp:attachment":[{"href":"https:\/\/ecosdelsur.com\/index.php?rest_route=%2Fwp%2Fv2%2Fmedia&parent=34641"}],"wp:term":[{"taxonomy":"category","embeddable":true,"href":"https:\/\/ecosdelsur.com\/index.php?rest_route=%2Fwp%2Fv2%2Fcategories&post=34641"},{"taxonomy":"post_tag","embeddable":true,"href":"https:\/\/ecosdelsur.com\/index.php?rest_route=%2Fwp%2Fv2%2Ftags&post=34641"}],"curies":[{"name":"wp","href":"https:\/\/api.w.org\/{rel}","templated":true}]}}