{"id":34472,"date":"2025-08-25T14:45:26","date_gmt":"2025-08-25T14:45:26","guid":{"rendered":"https:\/\/ecosdelsur.com\/?p=34472"},"modified":"2025-08-25T14:45:30","modified_gmt":"2025-08-25T14:45:30","slug":"operativo-de-control-en-locales-nocturnos-y-tareas-de-saturacion-en-caleta-olivia","status":"publish","type":"post","link":"https:\/\/ecosdelsur.com\/?p=34472","title":{"rendered":"Operativo de control en locales nocturnos y tareas de saturaci\u00f3n en Caleta Olivia"},"content":{"rendered":"<div class=\"itemToolbar2\">\n<p><span style=\"color: #ff0000;\">\u00a0<span class=\"itemDateCreated\">Domingo, 24 Agosto 2025 &#8211; <\/span><\/span>La Divisi\u00f3n Comunicaci\u00f3n y Difusi\u00f3n de la Polic\u00eda de la Provincia de Santa Cruz informa a la comunidad y medios de comunicaci\u00f3n que, en la madrugada del d\u00eda domingo 24 de agosto de 2025, se llev\u00f3 a cabo en la ciudad de Caleta Olivia un operativo integral de control de locales nocturnos, verificaci\u00f3n de cierre de locales bailables y tareas de saturaci\u00f3n en distintos barrios.<img decoding=\"async\" class=\"wp-image-34476 alignleft lazyload\" data-src=\"https:\/\/ecosdelsur.com\/wp-content\/uploads\/2025\/08\/co1.jpg\" alt=\"\" width=\"680\" height=\"419\" data-srcset=\"https:\/\/ecosdelsur.com\/wp-content\/uploads\/2025\/08\/co1.jpg 800w, https:\/\/ecosdelsur.com\/wp-content\/uploads\/2025\/08\/co1-300x185.jpg 300w, https:\/\/ecosdelsur.com\/wp-content\/uploads\/2025\/08\/co1-768x473.jpg 768w\" data-sizes=\"(max-width: 680px) 100vw, 680px\" src=\"data:image\/svg+xml;base64,PHN2ZyB3aWR0aD0iMSIgaGVpZ2h0PSIxIiB4bWxucz0iaHR0cDovL3d3dy53My5vcmcvMjAwMC9zdmciPjwvc3ZnPg==\" style=\"--smush-placeholder-width: 680px; --smush-placeholder-aspect-ratio: 680\/419;\" \/><\/p>\n<\/div>\n<p>Objetivo del Dispositivo<br \/>\nEl operativo tuvo como prop\u00f3sito garantizar la seguridad ciudadana en el marco de la actividad nocturna, reforzar la presencia policial en sectores de mayor concurrencia y supervisar el estricto cumplimiento de la normativa vigente en materia de habilitaciones, seguridad e higiene en los locales de esparcimiento nocturno.<img decoding=\"async\" class=\"size-full wp-image-34477 alignright lazyload\" data-src=\"https:\/\/ecosdelsur.com\/wp-content\/uploads\/2025\/08\/co2.jpg\" alt=\"\" width=\"800\" height=\"431\" data-srcset=\"https:\/\/ecosdelsur.com\/wp-content\/uploads\/2025\/08\/co2.jpg 800w, https:\/\/ecosdelsur.com\/wp-content\/uploads\/2025\/08\/co2-300x162.jpg 300w, https:\/\/ecosdelsur.com\/wp-content\/uploads\/2025\/08\/co2-768x414.jpg 768w\" data-sizes=\"(max-width: 800px) 100vw, 800px\" src=\"data:image\/svg+xml;base64,PHN2ZyB3aWR0aD0iMSIgaGVpZ2h0PSIxIiB4bWxucz0iaHR0cDovL3d3dy53My5vcmcvMjAwMC9zdmciPjwvc3ZnPg==\" style=\"--smush-placeholder-width: 800px; --smush-placeholder-aspect-ratio: 800\/431;\" \/><br \/>\nDesarrollo del Procedimiento<br \/>\nLas tareas comenzaron pasada la medianoche y se extendieron hasta primeras horas de la madrugada. En forma conjunta con personal del Ministerio de Trabajo, inspectores de Comercio Municipal y efectivos de Bomberos, se efectuaron inspecciones en locales nocturnos de gran concurrencia, entre ellos: Isidoro, Plugged, Melodys, Okean, Crafter, Mola, La Leo, Samsara y Bar Mariana.<br \/>\nDurante los controles se verificaron condiciones de habilitaci\u00f3n, medidas de seguridad contra incendios, cantidad de concurrentes y cumplimiento de horarios establecidos. En algunos establecimientos se constataron irregularidades, lo que motiv\u00f3 el cese inmediato de actividades y la apertura provisoria, quedando los responsables notificados para regularizar su situaci\u00f3n conforme a la normativa vigente.<br \/>\nEn paralelo, se dispuso la afectaci\u00f3n de m\u00f3viles y patrullajes preventivos en distintos barrios de Caleta Olivia, lo que permiti\u00f3 reforzar la presencia policial y garantizar el orden en zonas de alta circulaci\u00f3n durante el horario nocturno.<br \/>\nResultados<br \/>\nComo resultado, se labraron diversas actas de infracci\u00f3n y se notific\u00f3 a los propietarios de los locales inspeccionados sobre la obligatoriedad de adecuar su funcionamiento a la reglamentaci\u00f3n vigente. Cabe se\u00f1alar que no se registraron incidentes de relevancia ni hechos contra la seguridad ciudadana durante el desarrollo del dispositivo.<br \/>\nLa Polic\u00eda de la Provincia de Santa Cruz destaca la labor coordinada entre las distintas \u00e1reas intervinientes y reitera que este tipo de controles preventivos continuar\u00e1n realiz\u00e1ndose en la ciudad de Caleta Olivia y en toda la zona norte provincial, con el objetivo de resguardar la seguridad de la comunidad y asegurar el cumplimiento de las disposiciones legales.<\/p>\n","protected":false},"excerpt":{"rendered":"<p>\u00a0Domingo, 24 Agosto 2025 &#8211; La Divisi\u00f3n Comunicaci\u00f3n y Difusi\u00f3n de la Polic\u00eda de la Provincia de Santa Cruz informa<\/p>\n","protected":false},"author":8,"featured_media":34478,"comment_status":"closed","ping_status":"closed","sticky":false,"template":"","format":"standard","meta":{"footnotes":""},"categories":[36],"tags":[],"class_list":["post-34472","post","type-post","status-publish","format-standard","has-post-thumbnail","hentry","category-policiales"],"_links":{"self":[{"href":"https:\/\/ecosdelsur.com\/index.php?rest_route=\/wp\/v2\/posts\/34472","targetHints":{"allow":["GET"]}}],"collection":[{"href":"https:\/\/ecosdelsur.com\/index.php?rest_route=\/wp\/v2\/posts"}],"about":[{"href":"https:\/\/ecosdelsur.com\/index.php?rest_route=\/wp\/v2\/types\/post"}],"author":[{"embeddable":true,"href":"https:\/\/ecosdelsur.com\/index.php?rest_route=\/wp\/v2\/users\/8"}],"replies":[{"embeddable":true,"href":"https:\/\/ecosdelsur.com\/index.php?rest_route=%2Fwp%2Fv2%2Fcomments&post=34472"}],"version-history":[{"count":0,"href":"https:\/\/ecosdelsur.com\/index.php?rest_route=\/wp\/v2\/posts\/34472\/revisions"}],"wp:featuredmedia":[{"embeddable":true,"href":"https:\/\/ecosdelsur.com\/index.php?rest_route=\/wp\/v2\/media\/34478"}],"wp:attachment":[{"href":"https:\/\/ecosdelsur.com\/index.php?rest_route=%2Fwp%2Fv2%2Fmedia&parent=34472"}],"wp:term":[{"taxonomy":"category","embeddable":true,"href":"https:\/\/ecosdelsur.com\/index.php?rest_route=%2Fwp%2Fv2%2Fcategories&post=34472"},{"taxonomy":"post_tag","embeddable":true,"href":"https:\/\/ecosdelsur.com\/index.php?rest_route=%2Fwp%2Fv2%2Ftags&post=34472"}],"curies":[{"name":"wp","href":"https:\/\/api.w.org\/{rel}","templated":true}]}}